{"id":2674,"date":"2023-03-20T14:18:30","date_gmt":"2023-03-20T13:18:30","guid":{"rendered":"https:\/\/www.kita-storchennest.ch\/site\/?p=2674"},"modified":"2023-03-20T14:18:31","modified_gmt":"2023-03-20T13:18:31","slug":"back-to-the-roots","status":"publish","type":"post","link":"https:\/\/www.kita-storchennest.ch\/site\/back-to-the-roots\/","title":{"rendered":"Back to the Roots"},"content":{"rendered":"\n<p>Nach vier Jahren gehen wir zur\u00fcck zu unseren Wurzeln und reduzieren auf eine Gruppe. Der Fachkr\u00e4ftemangel und die neu geschaffenen Kitapl\u00e4tze in den umliegenden Gemeinden sind dabei von zentraler Bedeutung. Ab Juni 23 werden die Kinder in einer altersgemischten Gruppe betreut. Gesamthaft stehen 18 Pl\u00e4tze zur Verf\u00fcgung. Um gen\u00fcgen Platz f\u00fcr alle zu haben, behalten wir die Kitar\u00e4ume auf beiden Stockwerken. <\/p>\n","protected":false},"excerpt":{"rendered":"<p>Nach vier Jahren gehen wir zur\u00fcck zu unseren Wurzeln und reduzieren auf eine Gruppe. Der Fachkr\u00e4ftemangel und die neu geschaffenen Kitapl\u00e4tze in den umliegenden Gemeinden sind dabei von zentraler Bedeutung. Ab Juni 23 werden die Kinder in einer altersgemischten Gruppe betreut. Gesamthaft stehen 18 Pl\u00e4tze zur Verf\u00fcgung. Um gen\u00fcgen Platz f\u00fcr alle zu haben, behalten &hellip; <\/p>\n<p class=\"link-more\"><a href=\"https:\/\/www.kita-storchennest.ch\/site\/back-to-the-roots\/\" class=\"more-link\"><span class=\"screen-reader-text\">\u201eBack to the Roots\u201c <\/span>weiterlesen<\/a><\/p>\n","protected":false},"author":2,"featured_media":2639,"comment_status":"closed","ping_status":"closed","sticky":false,"template":"","format":"standard","meta":{"ngg_post_thumbnail":0,"footnotes":""},"categories":[1],"tags":[],"class_list":["post-2674","post","type-post","status-publish","format-standard","has-post-thumbnail","hentry","category-allgemein"],"yoast_head":"<!-- This site is optimized with the Yoast SEO plugin v27.5 - https:\/\/yoast.com\/product\/yoast-seo-wordpress\/ -->\n<title>Back to the Roots &#187; Kita Storchennest Grossaffoltern<\/title>\n<meta name=\"robots\" content=\"index, follow, max-snippet:-1, max-image-preview:large, max-video-preview:-1\" \/>\n<link rel=\"canonical\" href=\"https:\/\/www.kita-storchennest.ch\/site\/back-to-the-roots\/\" \/>\n<meta property=\"og:locale\" content=\"de_DE\" \/>\n<meta property=\"og:type\" content=\"article\" \/>\n<meta property=\"og:title\" content=\"Back to the Roots &#187; Kita Storchennest Grossaffoltern\" \/>\n<meta property=\"og:description\" content=\"Nach vier Jahren gehen wir zur\u00fcck zu unseren Wurzeln und reduzieren auf eine Gruppe. Der Fachkr\u00e4ftemangel und die neu geschaffenen Kitapl\u00e4tze in den umliegenden Gemeinden sind dabei von zentraler Bedeutung. Ab Juni 23 werden die Kinder in einer altersgemischten Gruppe betreut. Gesamthaft stehen 18 Pl\u00e4tze zur Verf\u00fcgung. Um gen\u00fcgen Platz f\u00fcr alle zu haben, behalten &hellip; \u201eBack to the Roots\u201c weiterlesen\" \/>\n<meta property=\"og:url\" content=\"https:\/\/www.kita-storchennest.ch\/site\/back-to-the-roots\/\" \/>\n<meta property=\"og:site_name\" content=\"Kita Storchennest Grossaffoltern\" \/>\n<meta property=\"article:published_time\" content=\"2023-03-20T13:18:30+00:00\" \/>\n<meta property=\"article:modified_time\" content=\"2023-03-20T13:18:31+00:00\" \/>\n<meta property=\"og:image\" content=\"https:\/\/www.kita-storchennest.ch\/site\/wp-content\/uploads\/2019\/04\/cropped-24A3385.jpg\" \/>\n\t<meta property=\"og:image:width\" content=\"2000\" \/>\n\t<meta property=\"og:image:height\" content=\"1333\" \/>\n\t<meta property=\"og:image:type\" content=\"image\/jpeg\" \/>\n<meta name=\"author\" content=\"Mich\u00e8le Reisinger\" \/>\n<meta name=\"twitter:card\" content=\"summary_large_image\" \/>\n<meta name=\"twitter:label1\" content=\"Verfasst von\" \/>\n\t<meta name=\"twitter:data1\" content=\"Mich\u00e8le Reisinger\" \/>\n\t<meta name=\"twitter:label2\" content=\"Gesch\u00e4tzte Lesezeit\" \/>\n\t<meta name=\"twitter:data2\" content=\"1\u00a0Minute\" \/>\n<script type=\"application\/ld+json\" class=\"yoast-schema-graph\">{\"@context\":\"https:\\\/\\\/schema.org\",\"@graph\":[{\"@type\":\"Article\",\"@id\":\"https:\\\/\\\/www.kita-storchennest.ch\\\/site\\\/back-to-the-roots\\\/#article\",\"isPartOf\":{\"@id\":\"https:\\\/\\\/www.kita-storchennest.ch\\\/site\\\/back-to-the-roots\\\/\"},\"author\":{\"name\":\"Mich\u00e8le Reisinger\",\"@id\":\"https:\\\/\\\/www.kita-storchennest.ch\\\/site\\\/#\\\/schema\\\/person\\\/f1b4647ee4e9470b6959845026c16a98\"},\"headline\":\"Back to the Roots\",\"datePublished\":\"2023-03-20T13:18:30+00:00\",\"dateModified\":\"2023-03-20T13:18:31+00:00\",\"mainEntityOfPage\":{\"@id\":\"https:\\\/\\\/www.kita-storchennest.ch\\\/site\\\/back-to-the-roots\\\/\"},\"wordCount\":71,\"publisher\":{\"@id\":\"https:\\\/\\\/www.kita-storchennest.ch\\\/site\\\/#organization\"},\"image\":{\"@id\":\"https:\\\/\\\/www.kita-storchennest.ch\\\/site\\\/back-to-the-roots\\\/#primaryimage\"},\"thumbnailUrl\":\"https:\\\/\\\/www.kita-storchennest.ch\\\/site\\\/wp-content\\\/uploads\\\/2019\\\/04\\\/cropped-24A3385.jpg\",\"inLanguage\":\"de\"},{\"@type\":\"WebPage\",\"@id\":\"https:\\\/\\\/www.kita-storchennest.ch\\\/site\\\/back-to-the-roots\\\/\",\"url\":\"https:\\\/\\\/www.kita-storchennest.ch\\\/site\\\/back-to-the-roots\\\/\",\"name\":\"Back to the Roots &#187; Kita Storchennest Grossaffoltern\",\"isPartOf\":{\"@id\":\"https:\\\/\\\/www.kita-storchennest.ch\\\/site\\\/#website\"},\"primaryImageOfPage\":{\"@id\":\"https:\\\/\\\/www.kita-storchennest.ch\\\/site\\\/back-to-the-roots\\\/#primaryimage\"},\"image\":{\"@id\":\"https:\\\/\\\/www.kita-storchennest.ch\\\/site\\\/back-to-the-roots\\\/#primaryimage\"},\"thumbnailUrl\":\"https:\\\/\\\/www.kita-storchennest.ch\\\/site\\\/wp-content\\\/uploads\\\/2019\\\/04\\\/cropped-24A3385.jpg\",\"datePublished\":\"2023-03-20T13:18:30+00:00\",\"dateModified\":\"2023-03-20T13:18:31+00:00\",\"breadcrumb\":{\"@id\":\"https:\\\/\\\/www.kita-storchennest.ch\\\/site\\\/back-to-the-roots\\\/#breadcrumb\"},\"inLanguage\":\"de\",\"potentialAction\":[{\"@type\":\"ReadAction\",\"target\":[\"https:\\\/\\\/www.kita-storchennest.ch\\\/site\\\/back-to-the-roots\\\/\"]}]},{\"@type\":\"ImageObject\",\"inLanguage\":\"de\",\"@id\":\"https:\\\/\\\/www.kita-storchennest.ch\\\/site\\\/back-to-the-roots\\\/#primaryimage\",\"url\":\"https:\\\/\\\/www.kita-storchennest.ch\\\/site\\\/wp-content\\\/uploads\\\/2019\\\/04\\\/cropped-24A3385.jpg\",\"contentUrl\":\"https:\\\/\\\/www.kita-storchennest.ch\\\/site\\\/wp-content\\\/uploads\\\/2019\\\/04\\\/cropped-24A3385.jpg\",\"width\":2000,\"height\":1333},{\"@type\":\"BreadcrumbList\",\"@id\":\"https:\\\/\\\/www.kita-storchennest.ch\\\/site\\\/back-to-the-roots\\\/#breadcrumb\",\"itemListElement\":[{\"@type\":\"ListItem\",\"position\":1,\"name\":\"Startseite\",\"item\":\"https:\\\/\\\/www.kita-storchennest.ch\\\/site\\\/\"},{\"@type\":\"ListItem\",\"position\":2,\"name\":\"Back to the Roots\"}]},{\"@type\":\"WebSite\",\"@id\":\"https:\\\/\\\/www.kita-storchennest.ch\\\/site\\\/#website\",\"url\":\"https:\\\/\\\/www.kita-storchennest.ch\\\/site\\\/\",\"name\":\"Kita Storchennest Grossaffoltern\",\"description\":\"Wengistrasse 7, 3257 Grossaffoltern\",\"publisher\":{\"@id\":\"https:\\\/\\\/www.kita-storchennest.ch\\\/site\\\/#organization\"},\"potentialAction\":[{\"@type\":\"SearchAction\",\"target\":{\"@type\":\"EntryPoint\",\"urlTemplate\":\"https:\\\/\\\/www.kita-storchennest.ch\\\/site\\\/?s={search_term_string}\"},\"query-input\":{\"@type\":\"PropertyValueSpecification\",\"valueRequired\":true,\"valueName\":\"search_term_string\"}}],\"inLanguage\":\"de\"},{\"@type\":\"Organization\",\"@id\":\"https:\\\/\\\/www.kita-storchennest.ch\\\/site\\\/#organization\",\"name\":\"Kita Storchennest, Grossalffoltern\",\"url\":\"https:\\\/\\\/www.kita-storchennest.ch\\\/site\\\/\",\"logo\":{\"@type\":\"ImageObject\",\"inLanguage\":\"de\",\"@id\":\"https:\\\/\\\/www.kita-storchennest.ch\\\/site\\\/#\\\/schema\\\/logo\\\/image\\\/\",\"url\":\"https:\\\/\\\/www.kita-storchennest.ch\\\/site\\\/wp-content\\\/uploads\\\/2022\\\/12\\\/cropped-Storchennest-1.jpg\",\"contentUrl\":\"https:\\\/\\\/www.kita-storchennest.ch\\\/site\\\/wp-content\\\/uploads\\\/2022\\\/12\\\/cropped-Storchennest-1.jpg\",\"width\":512,\"height\":512,\"caption\":\"Kita Storchennest, Grossalffoltern\"},\"image\":{\"@id\":\"https:\\\/\\\/www.kita-storchennest.ch\\\/site\\\/#\\\/schema\\\/logo\\\/image\\\/\"}},{\"@type\":\"Person\",\"@id\":\"https:\\\/\\\/www.kita-storchennest.ch\\\/site\\\/#\\\/schema\\\/person\\\/f1b4647ee4e9470b6959845026c16a98\",\"name\":\"Mich\u00e8le Reisinger\",\"image\":{\"@type\":\"ImageObject\",\"inLanguage\":\"de\",\"@id\":\"https:\\\/\\\/secure.gravatar.com\\\/avatar\\\/bd779e85779214583b0c7b2b33f9c570dbb5cd8bba8c8bf7c198c500d38fabcb?s=96&d=mm&r=g\",\"url\":\"https:\\\/\\\/secure.gravatar.com\\\/avatar\\\/bd779e85779214583b0c7b2b33f9c570dbb5cd8bba8c8bf7c198c500d38fabcb?s=96&d=mm&r=g\",\"contentUrl\":\"https:\\\/\\\/secure.gravatar.com\\\/avatar\\\/bd779e85779214583b0c7b2b33f9c570dbb5cd8bba8c8bf7c198c500d38fabcb?s=96&d=mm&r=g\",\"caption\":\"Mich\u00e8le Reisinger\"}}]}<\/script>\n<!-- \/ Yoast SEO plugin. -->","yoast_head_json":{"title":"Back to the Roots &#187; Kita Storchennest Grossaffoltern","robots":{"index":"index","follow":"follow","max-snippet":"max-snippet:-1","max-image-preview":"max-image-preview:large","max-video-preview":"max-video-preview:-1"},"canonical":"https:\/\/www.kita-storchennest.ch\/site\/back-to-the-roots\/","og_locale":"de_DE","og_type":"article","og_title":"Back to the Roots &#187; Kita Storchennest Grossaffoltern","og_description":"Nach vier Jahren gehen wir zur\u00fcck zu unseren Wurzeln und reduzieren auf eine Gruppe. Der Fachkr\u00e4ftemangel und die neu geschaffenen Kitapl\u00e4tze in den umliegenden Gemeinden sind dabei von zentraler Bedeutung. Ab Juni 23 werden die Kinder in einer altersgemischten Gruppe betreut. Gesamthaft stehen 18 Pl\u00e4tze zur Verf\u00fcgung. Um gen\u00fcgen Platz f\u00fcr alle zu haben, behalten &hellip; \u201eBack to the Roots\u201c weiterlesen","og_url":"https:\/\/www.kita-storchennest.ch\/site\/back-to-the-roots\/","og_site_name":"Kita Storchennest Grossaffoltern","article_published_time":"2023-03-20T13:18:30+00:00","article_modified_time":"2023-03-20T13:18:31+00:00","og_image":[{"width":2000,"height":1333,"url":"https:\/\/www.kita-storchennest.ch\/site\/wp-content\/uploads\/2019\/04\/cropped-24A3385.jpg","type":"image\/jpeg"}],"author":"Mich\u00e8le Reisinger","twitter_card":"summary_large_image","twitter_misc":{"Verfasst von":"Mich\u00e8le Reisinger","Gesch\u00e4tzte Lesezeit":"1\u00a0Minute"},"schema":{"@context":"https:\/\/schema.org","@graph":[{"@type":"Article","@id":"https:\/\/www.kita-storchennest.ch\/site\/back-to-the-roots\/#article","isPartOf":{"@id":"https:\/\/www.kita-storchennest.ch\/site\/back-to-the-roots\/"},"author":{"name":"Mich\u00e8le Reisinger","@id":"https:\/\/www.kita-storchennest.ch\/site\/#\/schema\/person\/f1b4647ee4e9470b6959845026c16a98"},"headline":"Back to the Roots","datePublished":"2023-03-20T13:18:30+00:00","dateModified":"2023-03-20T13:18:31+00:00","mainEntityOfPage":{"@id":"https:\/\/www.kita-storchennest.ch\/site\/back-to-the-roots\/"},"wordCount":71,"publisher":{"@id":"https:\/\/www.kita-storchennest.ch\/site\/#organization"},"image":{"@id":"https:\/\/www.kita-storchennest.ch\/site\/back-to-the-roots\/#primaryimage"},"thumbnailUrl":"https:\/\/www.kita-storchennest.ch\/site\/wp-content\/uploads\/2019\/04\/cropped-24A3385.jpg","inLanguage":"de"},{"@type":"WebPage","@id":"https:\/\/www.kita-storchennest.ch\/site\/back-to-the-roots\/","url":"https:\/\/www.kita-storchennest.ch\/site\/back-to-the-roots\/","name":"Back to the Roots &#187; Kita Storchennest Grossaffoltern","isPartOf":{"@id":"https:\/\/www.kita-storchennest.ch\/site\/#website"},"primaryImageOfPage":{"@id":"https:\/\/www.kita-storchennest.ch\/site\/back-to-the-roots\/#primaryimage"},"image":{"@id":"https:\/\/www.kita-storchennest.ch\/site\/back-to-the-roots\/#primaryimage"},"thumbnailUrl":"https:\/\/www.kita-storchennest.ch\/site\/wp-content\/uploads\/2019\/04\/cropped-24A3385.jpg","datePublished":"2023-03-20T13:18:30+00:00","dateModified":"2023-03-20T13:18:31+00:00","breadcrumb":{"@id":"https:\/\/www.kita-storchennest.ch\/site\/back-to-the-roots\/#breadcrumb"},"inLanguage":"de","potentialAction":[{"@type":"ReadAction","target":["https:\/\/www.kita-storchennest.ch\/site\/back-to-the-roots\/"]}]},{"@type":"ImageObject","inLanguage":"de","@id":"https:\/\/www.kita-storchennest.ch\/site\/back-to-the-roots\/#primaryimage","url":"https:\/\/www.kita-storchennest.ch\/site\/wp-content\/uploads\/2019\/04\/cropped-24A3385.jpg","contentUrl":"https:\/\/www.kita-storchennest.ch\/site\/wp-content\/uploads\/2019\/04\/cropped-24A3385.jpg","width":2000,"height":1333},{"@type":"BreadcrumbList","@id":"https:\/\/www.kita-storchennest.ch\/site\/back-to-the-roots\/#breadcrumb","itemListElement":[{"@type":"ListItem","position":1,"name":"Startseite","item":"https:\/\/www.kita-storchennest.ch\/site\/"},{"@type":"ListItem","position":2,"name":"Back to the Roots"}]},{"@type":"WebSite","@id":"https:\/\/www.kita-storchennest.ch\/site\/#website","url":"https:\/\/www.kita-storchennest.ch\/site\/","name":"Kita Storchennest Grossaffoltern","description":"Wengistrasse 7, 3257 Grossaffoltern","publisher":{"@id":"https:\/\/www.kita-storchennest.ch\/site\/#organization"},"potentialAction":[{"@type":"SearchAction","target":{"@type":"EntryPoint","urlTemplate":"https:\/\/www.kita-storchennest.ch\/site\/?s={search_term_string}"},"query-input":{"@type":"PropertyValueSpecification","valueRequired":true,"valueName":"search_term_string"}}],"inLanguage":"de"},{"@type":"Organization","@id":"https:\/\/www.kita-storchennest.ch\/site\/#organization","name":"Kita Storchennest, Grossalffoltern","url":"https:\/\/www.kita-storchennest.ch\/site\/","logo":{"@type":"ImageObject","inLanguage":"de","@id":"https:\/\/www.kita-storchennest.ch\/site\/#\/schema\/logo\/image\/","url":"https:\/\/www.kita-storchennest.ch\/site\/wp-content\/uploads\/2022\/12\/cropped-Storchennest-1.jpg","contentUrl":"https:\/\/www.kita-storchennest.ch\/site\/wp-content\/uploads\/2022\/12\/cropped-Storchennest-1.jpg","width":512,"height":512,"caption":"Kita Storchennest, Grossalffoltern"},"image":{"@id":"https:\/\/www.kita-storchennest.ch\/site\/#\/schema\/logo\/image\/"}},{"@type":"Person","@id":"https:\/\/www.kita-storchennest.ch\/site\/#\/schema\/person\/f1b4647ee4e9470b6959845026c16a98","name":"Mich\u00e8le Reisinger","image":{"@type":"ImageObject","inLanguage":"de","@id":"https:\/\/secure.gravatar.com\/avatar\/bd779e85779214583b0c7b2b33f9c570dbb5cd8bba8c8bf7c198c500d38fabcb?s=96&d=mm&r=g","url":"https:\/\/secure.gravatar.com\/avatar\/bd779e85779214583b0c7b2b33f9c570dbb5cd8bba8c8bf7c198c500d38fabcb?s=96&d=mm&r=g","contentUrl":"https:\/\/secure.gravatar.com\/avatar\/bd779e85779214583b0c7b2b33f9c570dbb5cd8bba8c8bf7c198c500d38fabcb?s=96&d=mm&r=g","caption":"Mich\u00e8le Reisinger"}}]}},"_links":{"self":[{"href":"https:\/\/www.kita-storchennest.ch\/site\/wp-json\/wp\/v2\/posts\/2674","targetHints":{"allow":["GET"]}}],"collection":[{"href":"https:\/\/www.kita-storchennest.ch\/site\/wp-json\/wp\/v2\/posts"}],"about":[{"href":"https:\/\/www.kita-storchennest.ch\/site\/wp-json\/wp\/v2\/types\/post"}],"author":[{"embeddable":true,"href":"https:\/\/www.kita-storchennest.ch\/site\/wp-json\/wp\/v2\/users\/2"}],"replies":[{"embeddable":true,"href":"https:\/\/www.kita-storchennest.ch\/site\/wp-json\/wp\/v2\/comments?post=2674"}],"version-history":[{"count":1,"href":"https:\/\/www.kita-storchennest.ch\/site\/wp-json\/wp\/v2\/posts\/2674\/revisions"}],"predecessor-version":[{"id":2675,"href":"https:\/\/www.kita-storchennest.ch\/site\/wp-json\/wp\/v2\/posts\/2674\/revisions\/2675"}],"wp:featuredmedia":[{"embeddable":true,"href":"https:\/\/www.kita-storchennest.ch\/site\/wp-json\/wp\/v2\/media\/2639"}],"wp:attachment":[{"href":"https:\/\/www.kita-storchennest.ch\/site\/wp-json\/wp\/v2\/media?parent=2674"}],"wp:term":[{"taxonomy":"category","embeddable":true,"href":"https:\/\/www.kita-storchennest.ch\/site\/wp-json\/wp\/v2\/categories?post=2674"},{"taxonomy":"post_tag","embeddable":true,"href":"https:\/\/www.kita-storchennest.ch\/site\/wp-json\/wp\/v2\/tags?post=2674"}],"curies":[{"name":"wp","href":"https:\/\/api.w.org\/{rel}","templated":true}]}}