{"id":2754,"date":"2023-12-04T11:11:49","date_gmt":"2023-12-04T10:11:49","guid":{"rendered":"https:\/\/www.kita-storchennest.ch\/site\/?p=2754"},"modified":"2023-12-04T11:11:49","modified_gmt":"2023-12-04T10:11:49","slug":"weihnachtsferien","status":"publish","type":"post","link":"https:\/\/www.kita-storchennest.ch\/site\/weihnachtsferien\/","title":{"rendered":"Weihnachtsferien"},"content":{"rendered":"\n<p>Von Samstag, 23.12.23 &#8211; Sonntag, 7.1.24 haben wir Betriebsferien. Wir w\u00fcnschen allen wundervolle, lichtreiche Momente und einen guten Rutsch ins neue Jahr.<\/p>\n","protected":false},"excerpt":{"rendered":"<p>Von Samstag, 23.12.23 &#8211; Sonntag, 7.1.24 haben wir Betriebsferien. Wir w\u00fcnschen allen wundervolle, lichtreiche Momente und einen guten Rutsch ins neue Jahr.<\/p>\n","protected":false},"author":2,"featured_media":833,"comment_status":"closed","ping_status":"closed","sticky":false,"template":"","format":"standard","meta":{"ngg_post_thumbnail":0,"footnotes":""},"categories":[1],"tags":[],"class_list":["post-2754","post","type-post","status-publish","format-standard","has-post-thumbnail","hentry","category-allgemein"],"yoast_head":"<!-- This site is optimized with the Yoast SEO plugin v27.5 - https:\/\/yoast.com\/product\/yoast-seo-wordpress\/ -->\n<title>Weihnachtsferien &#187; Kita Storchennest Grossaffoltern<\/title>\n<meta name=\"robots\" content=\"index, follow, max-snippet:-1, max-image-preview:large, max-video-preview:-1\" \/>\n<link rel=\"canonical\" href=\"https:\/\/www.kita-storchennest.ch\/site\/weihnachtsferien\/\" \/>\n<meta property=\"og:locale\" content=\"de_DE\" \/>\n<meta property=\"og:type\" content=\"article\" \/>\n<meta property=\"og:title\" content=\"Weihnachtsferien &#187; Kita Storchennest Grossaffoltern\" \/>\n<meta property=\"og:description\" content=\"Von Samstag, 23.12.23 &#8211; Sonntag, 7.1.24 haben wir Betriebsferien. Wir w\u00fcnschen allen wundervolle, lichtreiche Momente und einen guten Rutsch ins neue Jahr.\" \/>\n<meta property=\"og:url\" content=\"https:\/\/www.kita-storchennest.ch\/site\/weihnachtsferien\/\" \/>\n<meta property=\"og:site_name\" content=\"Kita Storchennest Grossaffoltern\" \/>\n<meta property=\"article:published_time\" content=\"2023-12-04T10:11:49+00:00\" \/>\n<meta property=\"og:image\" content=\"https:\/\/www.kita-storchennest.ch\/site\/wp-content\/uploads\/2015\/12\/2015-12-16-07.12.21-1024x576.jpg\" \/>\n\t<meta property=\"og:image:width\" content=\"1024\" \/>\n\t<meta property=\"og:image:height\" content=\"576\" \/>\n\t<meta property=\"og:image:type\" content=\"image\/jpeg\" \/>\n<meta name=\"author\" content=\"Mich\u00e8le Reisinger\" \/>\n<meta name=\"twitter:card\" content=\"summary_large_image\" \/>\n<meta name=\"twitter:label1\" content=\"Verfasst von\" \/>\n\t<meta name=\"twitter:data1\" content=\"Mich\u00e8le Reisinger\" \/>\n\t<meta name=\"twitter:label2\" content=\"Gesch\u00e4tzte Lesezeit\" \/>\n\t<meta name=\"twitter:data2\" content=\"1\u00a0Minute\" \/>\n<script type=\"application\/ld+json\" class=\"yoast-schema-graph\">{\"@context\":\"https:\\\/\\\/schema.org\",\"@graph\":[{\"@type\":\"Article\",\"@id\":\"https:\\\/\\\/www.kita-storchennest.ch\\\/site\\\/weihnachtsferien\\\/#article\",\"isPartOf\":{\"@id\":\"https:\\\/\\\/www.kita-storchennest.ch\\\/site\\\/weihnachtsferien\\\/\"},\"author\":{\"name\":\"Mich\u00e8le Reisinger\",\"@id\":\"https:\\\/\\\/www.kita-storchennest.ch\\\/site\\\/#\\\/schema\\\/person\\\/f1b4647ee4e9470b6959845026c16a98\"},\"headline\":\"Weihnachtsferien\",\"datePublished\":\"2023-12-04T10:11:49+00:00\",\"mainEntityOfPage\":{\"@id\":\"https:\\\/\\\/www.kita-storchennest.ch\\\/site\\\/weihnachtsferien\\\/\"},\"wordCount\":22,\"publisher\":{\"@id\":\"https:\\\/\\\/www.kita-storchennest.ch\\\/site\\\/#organization\"},\"image\":{\"@id\":\"https:\\\/\\\/www.kita-storchennest.ch\\\/site\\\/weihnachtsferien\\\/#primaryimage\"},\"thumbnailUrl\":\"https:\\\/\\\/www.kita-storchennest.ch\\\/site\\\/wp-content\\\/uploads\\\/2015\\\/12\\\/2015-12-16-07.12.21.jpg\",\"inLanguage\":\"de\"},{\"@type\":\"WebPage\",\"@id\":\"https:\\\/\\\/www.kita-storchennest.ch\\\/site\\\/weihnachtsferien\\\/\",\"url\":\"https:\\\/\\\/www.kita-storchennest.ch\\\/site\\\/weihnachtsferien\\\/\",\"name\":\"Weihnachtsferien &#187; Kita Storchennest Grossaffoltern\",\"isPartOf\":{\"@id\":\"https:\\\/\\\/www.kita-storchennest.ch\\\/site\\\/#website\"},\"primaryImageOfPage\":{\"@id\":\"https:\\\/\\\/www.kita-storchennest.ch\\\/site\\\/weihnachtsferien\\\/#primaryimage\"},\"image\":{\"@id\":\"https:\\\/\\\/www.kita-storchennest.ch\\\/site\\\/weihnachtsferien\\\/#primaryimage\"},\"thumbnailUrl\":\"https:\\\/\\\/www.kita-storchennest.ch\\\/site\\\/wp-content\\\/uploads\\\/2015\\\/12\\\/2015-12-16-07.12.21.jpg\",\"datePublished\":\"2023-12-04T10:11:49+00:00\",\"breadcrumb\":{\"@id\":\"https:\\\/\\\/www.kita-storchennest.ch\\\/site\\\/weihnachtsferien\\\/#breadcrumb\"},\"inLanguage\":\"de\",\"potentialAction\":[{\"@type\":\"ReadAction\",\"target\":[\"https:\\\/\\\/www.kita-storchennest.ch\\\/site\\\/weihnachtsferien\\\/\"]}]},{\"@type\":\"ImageObject\",\"inLanguage\":\"de\",\"@id\":\"https:\\\/\\\/www.kita-storchennest.ch\\\/site\\\/weihnachtsferien\\\/#primaryimage\",\"url\":\"https:\\\/\\\/www.kita-storchennest.ch\\\/site\\\/wp-content\\\/uploads\\\/2015\\\/12\\\/2015-12-16-07.12.21.jpg\",\"contentUrl\":\"https:\\\/\\\/www.kita-storchennest.ch\\\/site\\\/wp-content\\\/uploads\\\/2015\\\/12\\\/2015-12-16-07.12.21.jpg\",\"width\":4608,\"height\":2592},{\"@type\":\"BreadcrumbList\",\"@id\":\"https:\\\/\\\/www.kita-storchennest.ch\\\/site\\\/weihnachtsferien\\\/#breadcrumb\",\"itemListElement\":[{\"@type\":\"ListItem\",\"position\":1,\"name\":\"Startseite\",\"item\":\"https:\\\/\\\/www.kita-storchennest.ch\\\/site\\\/\"},{\"@type\":\"ListItem\",\"position\":2,\"name\":\"Weihnachtsferien\"}]},{\"@type\":\"WebSite\",\"@id\":\"https:\\\/\\\/www.kita-storchennest.ch\\\/site\\\/#website\",\"url\":\"https:\\\/\\\/www.kita-storchennest.ch\\\/site\\\/\",\"name\":\"Kita Storchennest Grossaffoltern\",\"description\":\"Wengistrasse 7, 3257 Grossaffoltern\",\"publisher\":{\"@id\":\"https:\\\/\\\/www.kita-storchennest.ch\\\/site\\\/#organization\"},\"potentialAction\":[{\"@type\":\"SearchAction\",\"target\":{\"@type\":\"EntryPoint\",\"urlTemplate\":\"https:\\\/\\\/www.kita-storchennest.ch\\\/site\\\/?s={search_term_string}\"},\"query-input\":{\"@type\":\"PropertyValueSpecification\",\"valueRequired\":true,\"valueName\":\"search_term_string\"}}],\"inLanguage\":\"de\"},{\"@type\":\"Organization\",\"@id\":\"https:\\\/\\\/www.kita-storchennest.ch\\\/site\\\/#organization\",\"name\":\"Kita Storchennest, Grossalffoltern\",\"url\":\"https:\\\/\\\/www.kita-storchennest.ch\\\/site\\\/\",\"logo\":{\"@type\":\"ImageObject\",\"inLanguage\":\"de\",\"@id\":\"https:\\\/\\\/www.kita-storchennest.ch\\\/site\\\/#\\\/schema\\\/logo\\\/image\\\/\",\"url\":\"https:\\\/\\\/www.kita-storchennest.ch\\\/site\\\/wp-content\\\/uploads\\\/2022\\\/12\\\/cropped-Storchennest-1.jpg\",\"contentUrl\":\"https:\\\/\\\/www.kita-storchennest.ch\\\/site\\\/wp-content\\\/uploads\\\/2022\\\/12\\\/cropped-Storchennest-1.jpg\",\"width\":512,\"height\":512,\"caption\":\"Kita Storchennest, Grossalffoltern\"},\"image\":{\"@id\":\"https:\\\/\\\/www.kita-storchennest.ch\\\/site\\\/#\\\/schema\\\/logo\\\/image\\\/\"}},{\"@type\":\"Person\",\"@id\":\"https:\\\/\\\/www.kita-storchennest.ch\\\/site\\\/#\\\/schema\\\/person\\\/f1b4647ee4e9470b6959845026c16a98\",\"name\":\"Mich\u00e8le Reisinger\",\"image\":{\"@type\":\"ImageObject\",\"inLanguage\":\"de\",\"@id\":\"https:\\\/\\\/secure.gravatar.com\\\/avatar\\\/bd779e85779214583b0c7b2b33f9c570dbb5cd8bba8c8bf7c198c500d38fabcb?s=96&d=mm&r=g\",\"url\":\"https:\\\/\\\/secure.gravatar.com\\\/avatar\\\/bd779e85779214583b0c7b2b33f9c570dbb5cd8bba8c8bf7c198c500d38fabcb?s=96&d=mm&r=g\",\"contentUrl\":\"https:\\\/\\\/secure.gravatar.com\\\/avatar\\\/bd779e85779214583b0c7b2b33f9c570dbb5cd8bba8c8bf7c198c500d38fabcb?s=96&d=mm&r=g\",\"caption\":\"Mich\u00e8le Reisinger\"}}]}<\/script>\n<!-- \/ Yoast SEO plugin. -->","yoast_head_json":{"title":"Weihnachtsferien &#187; Kita Storchennest Grossaffoltern","robots":{"index":"index","follow":"follow","max-snippet":"max-snippet:-1","max-image-preview":"max-image-preview:large","max-video-preview":"max-video-preview:-1"},"canonical":"https:\/\/www.kita-storchennest.ch\/site\/weihnachtsferien\/","og_locale":"de_DE","og_type":"article","og_title":"Weihnachtsferien &#187; Kita Storchennest Grossaffoltern","og_description":"Von Samstag, 23.12.23 &#8211; Sonntag, 7.1.24 haben wir Betriebsferien. Wir w\u00fcnschen allen wundervolle, lichtreiche Momente und einen guten Rutsch ins neue Jahr.","og_url":"https:\/\/www.kita-storchennest.ch\/site\/weihnachtsferien\/","og_site_name":"Kita Storchennest Grossaffoltern","article_published_time":"2023-12-04T10:11:49+00:00","og_image":[{"width":1024,"height":576,"url":"https:\/\/www.kita-storchennest.ch\/site\/wp-content\/uploads\/2015\/12\/2015-12-16-07.12.21-1024x576.jpg","type":"image\/jpeg"}],"author":"Mich\u00e8le Reisinger","twitter_card":"summary_large_image","twitter_misc":{"Verfasst von":"Mich\u00e8le Reisinger","Gesch\u00e4tzte Lesezeit":"1\u00a0Minute"},"schema":{"@context":"https:\/\/schema.org","@graph":[{"@type":"Article","@id":"https:\/\/www.kita-storchennest.ch\/site\/weihnachtsferien\/#article","isPartOf":{"@id":"https:\/\/www.kita-storchennest.ch\/site\/weihnachtsferien\/"},"author":{"name":"Mich\u00e8le Reisinger","@id":"https:\/\/www.kita-storchennest.ch\/site\/#\/schema\/person\/f1b4647ee4e9470b6959845026c16a98"},"headline":"Weihnachtsferien","datePublished":"2023-12-04T10:11:49+00:00","mainEntityOfPage":{"@id":"https:\/\/www.kita-storchennest.ch\/site\/weihnachtsferien\/"},"wordCount":22,"publisher":{"@id":"https:\/\/www.kita-storchennest.ch\/site\/#organization"},"image":{"@id":"https:\/\/www.kita-storchennest.ch\/site\/weihnachtsferien\/#primaryimage"},"thumbnailUrl":"https:\/\/www.kita-storchennest.ch\/site\/wp-content\/uploads\/2015\/12\/2015-12-16-07.12.21.jpg","inLanguage":"de"},{"@type":"WebPage","@id":"https:\/\/www.kita-storchennest.ch\/site\/weihnachtsferien\/","url":"https:\/\/www.kita-storchennest.ch\/site\/weihnachtsferien\/","name":"Weihnachtsferien &#187; Kita Storchennest Grossaffoltern","isPartOf":{"@id":"https:\/\/www.kita-storchennest.ch\/site\/#website"},"primaryImageOfPage":{"@id":"https:\/\/www.kita-storchennest.ch\/site\/weihnachtsferien\/#primaryimage"},"image":{"@id":"https:\/\/www.kita-storchennest.ch\/site\/weihnachtsferien\/#primaryimage"},"thumbnailUrl":"https:\/\/www.kita-storchennest.ch\/site\/wp-content\/uploads\/2015\/12\/2015-12-16-07.12.21.jpg","datePublished":"2023-12-04T10:11:49+00:00","breadcrumb":{"@id":"https:\/\/www.kita-storchennest.ch\/site\/weihnachtsferien\/#breadcrumb"},"inLanguage":"de","potentialAction":[{"@type":"ReadAction","target":["https:\/\/www.kita-storchennest.ch\/site\/weihnachtsferien\/"]}]},{"@type":"ImageObject","inLanguage":"de","@id":"https:\/\/www.kita-storchennest.ch\/site\/weihnachtsferien\/#primaryimage","url":"https:\/\/www.kita-storchennest.ch\/site\/wp-content\/uploads\/2015\/12\/2015-12-16-07.12.21.jpg","contentUrl":"https:\/\/www.kita-storchennest.ch\/site\/wp-content\/uploads\/2015\/12\/2015-12-16-07.12.21.jpg","width":4608,"height":2592},{"@type":"BreadcrumbList","@id":"https:\/\/www.kita-storchennest.ch\/site\/weihnachtsferien\/#breadcrumb","itemListElement":[{"@type":"ListItem","position":1,"name":"Startseite","item":"https:\/\/www.kita-storchennest.ch\/site\/"},{"@type":"ListItem","position":2,"name":"Weihnachtsferien"}]},{"@type":"WebSite","@id":"https:\/\/www.kita-storchennest.ch\/site\/#website","url":"https:\/\/www.kita-storchennest.ch\/site\/","name":"Kita Storchennest Grossaffoltern","description":"Wengistrasse 7, 3257 Grossaffoltern","publisher":{"@id":"https:\/\/www.kita-storchennest.ch\/site\/#organization"},"potentialAction":[{"@type":"SearchAction","target":{"@type":"EntryPoint","urlTemplate":"https:\/\/www.kita-storchennest.ch\/site\/?s={search_term_string}"},"query-input":{"@type":"PropertyValueSpecification","valueRequired":true,"valueName":"search_term_string"}}],"inLanguage":"de"},{"@type":"Organization","@id":"https:\/\/www.kita-storchennest.ch\/site\/#organization","name":"Kita Storchennest, Grossalffoltern","url":"https:\/\/www.kita-storchennest.ch\/site\/","logo":{"@type":"ImageObject","inLanguage":"de","@id":"https:\/\/www.kita-storchennest.ch\/site\/#\/schema\/logo\/image\/","url":"https:\/\/www.kita-storchennest.ch\/site\/wp-content\/uploads\/2022\/12\/cropped-Storchennest-1.jpg","contentUrl":"https:\/\/www.kita-storchennest.ch\/site\/wp-content\/uploads\/2022\/12\/cropped-Storchennest-1.jpg","width":512,"height":512,"caption":"Kita Storchennest, Grossalffoltern"},"image":{"@id":"https:\/\/www.kita-storchennest.ch\/site\/#\/schema\/logo\/image\/"}},{"@type":"Person","@id":"https:\/\/www.kita-storchennest.ch\/site\/#\/schema\/person\/f1b4647ee4e9470b6959845026c16a98","name":"Mich\u00e8le Reisinger","image":{"@type":"ImageObject","inLanguage":"de","@id":"https:\/\/secure.gravatar.com\/avatar\/bd779e85779214583b0c7b2b33f9c570dbb5cd8bba8c8bf7c198c500d38fabcb?s=96&d=mm&r=g","url":"https:\/\/secure.gravatar.com\/avatar\/bd779e85779214583b0c7b2b33f9c570dbb5cd8bba8c8bf7c198c500d38fabcb?s=96&d=mm&r=g","contentUrl":"https:\/\/secure.gravatar.com\/avatar\/bd779e85779214583b0c7b2b33f9c570dbb5cd8bba8c8bf7c198c500d38fabcb?s=96&d=mm&r=g","caption":"Mich\u00e8le Reisinger"}}]}},"_links":{"self":[{"href":"https:\/\/www.kita-storchennest.ch\/site\/wp-json\/wp\/v2\/posts\/2754","targetHints":{"allow":["GET"]}}],"collection":[{"href":"https:\/\/www.kita-storchennest.ch\/site\/wp-json\/wp\/v2\/posts"}],"about":[{"href":"https:\/\/www.kita-storchennest.ch\/site\/wp-json\/wp\/v2\/types\/post"}],"author":[{"embeddable":true,"href":"https:\/\/www.kita-storchennest.ch\/site\/wp-json\/wp\/v2\/users\/2"}],"replies":[{"embeddable":true,"href":"https:\/\/www.kita-storchennest.ch\/site\/wp-json\/wp\/v2\/comments?post=2754"}],"version-history":[{"count":1,"href":"https:\/\/www.kita-storchennest.ch\/site\/wp-json\/wp\/v2\/posts\/2754\/revisions"}],"predecessor-version":[{"id":2755,"href":"https:\/\/www.kita-storchennest.ch\/site\/wp-json\/wp\/v2\/posts\/2754\/revisions\/2755"}],"wp:featuredmedia":[{"embeddable":true,"href":"https:\/\/www.kita-storchennest.ch\/site\/wp-json\/wp\/v2\/media\/833"}],"wp:attachment":[{"href":"https:\/\/www.kita-storchennest.ch\/site\/wp-json\/wp\/v2\/media?parent=2754"}],"wp:term":[{"taxonomy":"category","embeddable":true,"href":"https:\/\/www.kita-storchennest.ch\/site\/wp-json\/wp\/v2\/categories?post=2754"},{"taxonomy":"post_tag","embeddable":true,"href":"https:\/\/www.kita-storchennest.ch\/site\/wp-json\/wp\/v2\/tags?post=2754"}],"curies":[{"name":"wp","href":"https:\/\/api.w.org\/{rel}","templated":true}]}}