{"id":2774,"date":"2024-02-06T13:26:10","date_gmt":"2024-02-06T12:26:10","guid":{"rendered":"https:\/\/www.kita-storchennest.ch\/site\/?p=2774"},"modified":"2024-02-06T13:26:10","modified_gmt":"2024-02-06T12:26:10","slug":"keine-lehrstelle-ab-sommer-24","status":"publish","type":"post","link":"https:\/\/www.kita-storchennest.ch\/site\/keine-lehrstelle-ab-sommer-24\/","title":{"rendered":"Keine Lehrstelle ab Sommer 24"},"content":{"rendered":"\n<p>Ab Sommer 24 haben wir keine freie Lehrstelle. Bitte senden sie uns keine Blindbewerbungen. Diese werden nicht beantwortet.<\/p>\n","protected":false},"excerpt":{"rendered":"<p>Ab Sommer 24 haben wir keine freie Lehrstelle. Bitte senden sie uns keine Blindbewerbungen. Diese werden nicht beantwortet.<\/p>\n","protected":false},"author":2,"featured_media":699,"comment_status":"closed","ping_status":"closed","sticky":false,"template":"","format":"standard","meta":{"ngg_post_thumbnail":0,"footnotes":""},"categories":[1],"tags":[],"class_list":["post-2774","post","type-post","status-publish","format-standard","has-post-thumbnail","hentry","category-allgemein"],"yoast_head":"<!-- This site is optimized with the Yoast SEO plugin v27.5 - https:\/\/yoast.com\/product\/yoast-seo-wordpress\/ -->\n<title>Keine Lehrstelle ab Sommer 24 &#187; Kita Storchennest Grossaffoltern<\/title>\n<meta name=\"robots\" content=\"index, follow, max-snippet:-1, max-image-preview:large, max-video-preview:-1\" \/>\n<link rel=\"canonical\" href=\"https:\/\/www.kita-storchennest.ch\/site\/keine-lehrstelle-ab-sommer-24\/\" \/>\n<meta property=\"og:locale\" content=\"de_DE\" \/>\n<meta property=\"og:type\" content=\"article\" \/>\n<meta property=\"og:title\" content=\"Keine Lehrstelle ab Sommer 24 &#187; Kita Storchennest Grossaffoltern\" \/>\n<meta property=\"og:description\" content=\"Ab Sommer 24 haben wir keine freie Lehrstelle. Bitte senden sie uns keine Blindbewerbungen. Diese werden nicht beantwortet.\" \/>\n<meta property=\"og:url\" content=\"https:\/\/www.kita-storchennest.ch\/site\/keine-lehrstelle-ab-sommer-24\/\" \/>\n<meta property=\"og:site_name\" content=\"Kita Storchennest Grossaffoltern\" \/>\n<meta property=\"article:published_time\" content=\"2024-02-06T12:26:10+00:00\" \/>\n<meta property=\"og:image\" content=\"https:\/\/www.kita-storchennest.ch\/site\/wp-content\/uploads\/2015\/10\/IMG_0554.jpg\" \/>\n\t<meta property=\"og:image:width\" content=\"2304\" \/>\n\t<meta property=\"og:image:height\" content=\"1728\" \/>\n\t<meta property=\"og:image:type\" content=\"image\/jpeg\" \/>\n<meta name=\"author\" content=\"Mich\u00e8le Reisinger\" \/>\n<meta name=\"twitter:card\" content=\"summary_large_image\" \/>\n<meta name=\"twitter:label1\" content=\"Verfasst von\" \/>\n\t<meta name=\"twitter:data1\" content=\"Mich\u00e8le Reisinger\" \/>\n\t<meta name=\"twitter:label2\" content=\"Gesch\u00e4tzte Lesezeit\" \/>\n\t<meta name=\"twitter:data2\" content=\"1\u00a0Minute\" \/>\n<script type=\"application\/ld+json\" class=\"yoast-schema-graph\">{\"@context\":\"https:\\\/\\\/schema.org\",\"@graph\":[{\"@type\":\"Article\",\"@id\":\"https:\\\/\\\/www.kita-storchennest.ch\\\/site\\\/keine-lehrstelle-ab-sommer-24\\\/#article\",\"isPartOf\":{\"@id\":\"https:\\\/\\\/www.kita-storchennest.ch\\\/site\\\/keine-lehrstelle-ab-sommer-24\\\/\"},\"author\":{\"name\":\"Mich\u00e8le Reisinger\",\"@id\":\"https:\\\/\\\/www.kita-storchennest.ch\\\/site\\\/#\\\/schema\\\/person\\\/f1b4647ee4e9470b6959845026c16a98\"},\"headline\":\"Keine Lehrstelle ab Sommer 24\",\"datePublished\":\"2024-02-06T12:26:10+00:00\",\"mainEntityOfPage\":{\"@id\":\"https:\\\/\\\/www.kita-storchennest.ch\\\/site\\\/keine-lehrstelle-ab-sommer-24\\\/\"},\"wordCount\":21,\"publisher\":{\"@id\":\"https:\\\/\\\/www.kita-storchennest.ch\\\/site\\\/#organization\"},\"image\":{\"@id\":\"https:\\\/\\\/www.kita-storchennest.ch\\\/site\\\/keine-lehrstelle-ab-sommer-24\\\/#primaryimage\"},\"thumbnailUrl\":\"https:\\\/\\\/www.kita-storchennest.ch\\\/site\\\/wp-content\\\/uploads\\\/2015\\\/10\\\/IMG_0554.jpg\",\"inLanguage\":\"de\"},{\"@type\":\"WebPage\",\"@id\":\"https:\\\/\\\/www.kita-storchennest.ch\\\/site\\\/keine-lehrstelle-ab-sommer-24\\\/\",\"url\":\"https:\\\/\\\/www.kita-storchennest.ch\\\/site\\\/keine-lehrstelle-ab-sommer-24\\\/\",\"name\":\"Keine Lehrstelle ab Sommer 24 &#187; Kita Storchennest Grossaffoltern\",\"isPartOf\":{\"@id\":\"https:\\\/\\\/www.kita-storchennest.ch\\\/site\\\/#website\"},\"primaryImageOfPage\":{\"@id\":\"https:\\\/\\\/www.kita-storchennest.ch\\\/site\\\/keine-lehrstelle-ab-sommer-24\\\/#primaryimage\"},\"image\":{\"@id\":\"https:\\\/\\\/www.kita-storchennest.ch\\\/site\\\/keine-lehrstelle-ab-sommer-24\\\/#primaryimage\"},\"thumbnailUrl\":\"https:\\\/\\\/www.kita-storchennest.ch\\\/site\\\/wp-content\\\/uploads\\\/2015\\\/10\\\/IMG_0554.jpg\",\"datePublished\":\"2024-02-06T12:26:10+00:00\",\"breadcrumb\":{\"@id\":\"https:\\\/\\\/www.kita-storchennest.ch\\\/site\\\/keine-lehrstelle-ab-sommer-24\\\/#breadcrumb\"},\"inLanguage\":\"de\",\"potentialAction\":[{\"@type\":\"ReadAction\",\"target\":[\"https:\\\/\\\/www.kita-storchennest.ch\\\/site\\\/keine-lehrstelle-ab-sommer-24\\\/\"]}]},{\"@type\":\"ImageObject\",\"inLanguage\":\"de\",\"@id\":\"https:\\\/\\\/www.kita-storchennest.ch\\\/site\\\/keine-lehrstelle-ab-sommer-24\\\/#primaryimage\",\"url\":\"https:\\\/\\\/www.kita-storchennest.ch\\\/site\\\/wp-content\\\/uploads\\\/2015\\\/10\\\/IMG_0554.jpg\",\"contentUrl\":\"https:\\\/\\\/www.kita-storchennest.ch\\\/site\\\/wp-content\\\/uploads\\\/2015\\\/10\\\/IMG_0554.jpg\",\"width\":2304,\"height\":1728},{\"@type\":\"BreadcrumbList\",\"@id\":\"https:\\\/\\\/www.kita-storchennest.ch\\\/site\\\/keine-lehrstelle-ab-sommer-24\\\/#breadcrumb\",\"itemListElement\":[{\"@type\":\"ListItem\",\"position\":1,\"name\":\"Startseite\",\"item\":\"https:\\\/\\\/www.kita-storchennest.ch\\\/site\\\/\"},{\"@type\":\"ListItem\",\"position\":2,\"name\":\"Keine Lehrstelle ab Sommer 24\"}]},{\"@type\":\"WebSite\",\"@id\":\"https:\\\/\\\/www.kita-storchennest.ch\\\/site\\\/#website\",\"url\":\"https:\\\/\\\/www.kita-storchennest.ch\\\/site\\\/\",\"name\":\"Kita Storchennest Grossaffoltern\",\"description\":\"Wengistrasse 7, 3257 Grossaffoltern\",\"publisher\":{\"@id\":\"https:\\\/\\\/www.kita-storchennest.ch\\\/site\\\/#organization\"},\"potentialAction\":[{\"@type\":\"SearchAction\",\"target\":{\"@type\":\"EntryPoint\",\"urlTemplate\":\"https:\\\/\\\/www.kita-storchennest.ch\\\/site\\\/?s={search_term_string}\"},\"query-input\":{\"@type\":\"PropertyValueSpecification\",\"valueRequired\":true,\"valueName\":\"search_term_string\"}}],\"inLanguage\":\"de\"},{\"@type\":\"Organization\",\"@id\":\"https:\\\/\\\/www.kita-storchennest.ch\\\/site\\\/#organization\",\"name\":\"Kita Storchennest, Grossalffoltern\",\"url\":\"https:\\\/\\\/www.kita-storchennest.ch\\\/site\\\/\",\"logo\":{\"@type\":\"ImageObject\",\"inLanguage\":\"de\",\"@id\":\"https:\\\/\\\/www.kita-storchennest.ch\\\/site\\\/#\\\/schema\\\/logo\\\/image\\\/\",\"url\":\"https:\\\/\\\/www.kita-storchennest.ch\\\/site\\\/wp-content\\\/uploads\\\/2022\\\/12\\\/cropped-Storchennest-1.jpg\",\"contentUrl\":\"https:\\\/\\\/www.kita-storchennest.ch\\\/site\\\/wp-content\\\/uploads\\\/2022\\\/12\\\/cropped-Storchennest-1.jpg\",\"width\":512,\"height\":512,\"caption\":\"Kita Storchennest, Grossalffoltern\"},\"image\":{\"@id\":\"https:\\\/\\\/www.kita-storchennest.ch\\\/site\\\/#\\\/schema\\\/logo\\\/image\\\/\"}},{\"@type\":\"Person\",\"@id\":\"https:\\\/\\\/www.kita-storchennest.ch\\\/site\\\/#\\\/schema\\\/person\\\/f1b4647ee4e9470b6959845026c16a98\",\"name\":\"Mich\u00e8le Reisinger\",\"image\":{\"@type\":\"ImageObject\",\"inLanguage\":\"de\",\"@id\":\"https:\\\/\\\/secure.gravatar.com\\\/avatar\\\/bd779e85779214583b0c7b2b33f9c570dbb5cd8bba8c8bf7c198c500d38fabcb?s=96&d=mm&r=g\",\"url\":\"https:\\\/\\\/secure.gravatar.com\\\/avatar\\\/bd779e85779214583b0c7b2b33f9c570dbb5cd8bba8c8bf7c198c500d38fabcb?s=96&d=mm&r=g\",\"contentUrl\":\"https:\\\/\\\/secure.gravatar.com\\\/avatar\\\/bd779e85779214583b0c7b2b33f9c570dbb5cd8bba8c8bf7c198c500d38fabcb?s=96&d=mm&r=g\",\"caption\":\"Mich\u00e8le Reisinger\"}}]}<\/script>\n<!-- \/ Yoast SEO plugin. -->","yoast_head_json":{"title":"Keine Lehrstelle ab Sommer 24 &#187; Kita Storchennest Grossaffoltern","robots":{"index":"index","follow":"follow","max-snippet":"max-snippet:-1","max-image-preview":"max-image-preview:large","max-video-preview":"max-video-preview:-1"},"canonical":"https:\/\/www.kita-storchennest.ch\/site\/keine-lehrstelle-ab-sommer-24\/","og_locale":"de_DE","og_type":"article","og_title":"Keine Lehrstelle ab Sommer 24 &#187; Kita Storchennest Grossaffoltern","og_description":"Ab Sommer 24 haben wir keine freie Lehrstelle. Bitte senden sie uns keine Blindbewerbungen. Diese werden nicht beantwortet.","og_url":"https:\/\/www.kita-storchennest.ch\/site\/keine-lehrstelle-ab-sommer-24\/","og_site_name":"Kita Storchennest Grossaffoltern","article_published_time":"2024-02-06T12:26:10+00:00","og_image":[{"width":2304,"height":1728,"url":"https:\/\/www.kita-storchennest.ch\/site\/wp-content\/uploads\/2015\/10\/IMG_0554.jpg","type":"image\/jpeg"}],"author":"Mich\u00e8le Reisinger","twitter_card":"summary_large_image","twitter_misc":{"Verfasst von":"Mich\u00e8le Reisinger","Gesch\u00e4tzte Lesezeit":"1\u00a0Minute"},"schema":{"@context":"https:\/\/schema.org","@graph":[{"@type":"Article","@id":"https:\/\/www.kita-storchennest.ch\/site\/keine-lehrstelle-ab-sommer-24\/#article","isPartOf":{"@id":"https:\/\/www.kita-storchennest.ch\/site\/keine-lehrstelle-ab-sommer-24\/"},"author":{"name":"Mich\u00e8le Reisinger","@id":"https:\/\/www.kita-storchennest.ch\/site\/#\/schema\/person\/f1b4647ee4e9470b6959845026c16a98"},"headline":"Keine Lehrstelle ab Sommer 24","datePublished":"2024-02-06T12:26:10+00:00","mainEntityOfPage":{"@id":"https:\/\/www.kita-storchennest.ch\/site\/keine-lehrstelle-ab-sommer-24\/"},"wordCount":21,"publisher":{"@id":"https:\/\/www.kita-storchennest.ch\/site\/#organization"},"image":{"@id":"https:\/\/www.kita-storchennest.ch\/site\/keine-lehrstelle-ab-sommer-24\/#primaryimage"},"thumbnailUrl":"https:\/\/www.kita-storchennest.ch\/site\/wp-content\/uploads\/2015\/10\/IMG_0554.jpg","inLanguage":"de"},{"@type":"WebPage","@id":"https:\/\/www.kita-storchennest.ch\/site\/keine-lehrstelle-ab-sommer-24\/","url":"https:\/\/www.kita-storchennest.ch\/site\/keine-lehrstelle-ab-sommer-24\/","name":"Keine Lehrstelle ab Sommer 24 &#187; Kita Storchennest Grossaffoltern","isPartOf":{"@id":"https:\/\/www.kita-storchennest.ch\/site\/#website"},"primaryImageOfPage":{"@id":"https:\/\/www.kita-storchennest.ch\/site\/keine-lehrstelle-ab-sommer-24\/#primaryimage"},"image":{"@id":"https:\/\/www.kita-storchennest.ch\/site\/keine-lehrstelle-ab-sommer-24\/#primaryimage"},"thumbnailUrl":"https:\/\/www.kita-storchennest.ch\/site\/wp-content\/uploads\/2015\/10\/IMG_0554.jpg","datePublished":"2024-02-06T12:26:10+00:00","breadcrumb":{"@id":"https:\/\/www.kita-storchennest.ch\/site\/keine-lehrstelle-ab-sommer-24\/#breadcrumb"},"inLanguage":"de","potentialAction":[{"@type":"ReadAction","target":["https:\/\/www.kita-storchennest.ch\/site\/keine-lehrstelle-ab-sommer-24\/"]}]},{"@type":"ImageObject","inLanguage":"de","@id":"https:\/\/www.kita-storchennest.ch\/site\/keine-lehrstelle-ab-sommer-24\/#primaryimage","url":"https:\/\/www.kita-storchennest.ch\/site\/wp-content\/uploads\/2015\/10\/IMG_0554.jpg","contentUrl":"https:\/\/www.kita-storchennest.ch\/site\/wp-content\/uploads\/2015\/10\/IMG_0554.jpg","width":2304,"height":1728},{"@type":"BreadcrumbList","@id":"https:\/\/www.kita-storchennest.ch\/site\/keine-lehrstelle-ab-sommer-24\/#breadcrumb","itemListElement":[{"@type":"ListItem","position":1,"name":"Startseite","item":"https:\/\/www.kita-storchennest.ch\/site\/"},{"@type":"ListItem","position":2,"name":"Keine Lehrstelle ab Sommer 24"}]},{"@type":"WebSite","@id":"https:\/\/www.kita-storchennest.ch\/site\/#website","url":"https:\/\/www.kita-storchennest.ch\/site\/","name":"Kita Storchennest Grossaffoltern","description":"Wengistrasse 7, 3257 Grossaffoltern","publisher":{"@id":"https:\/\/www.kita-storchennest.ch\/site\/#organization"},"potentialAction":[{"@type":"SearchAction","target":{"@type":"EntryPoint","urlTemplate":"https:\/\/www.kita-storchennest.ch\/site\/?s={search_term_string}"},"query-input":{"@type":"PropertyValueSpecification","valueRequired":true,"valueName":"search_term_string"}}],"inLanguage":"de"},{"@type":"Organization","@id":"https:\/\/www.kita-storchennest.ch\/site\/#organization","name":"Kita Storchennest, Grossalffoltern","url":"https:\/\/www.kita-storchennest.ch\/site\/","logo":{"@type":"ImageObject","inLanguage":"de","@id":"https:\/\/www.kita-storchennest.ch\/site\/#\/schema\/logo\/image\/","url":"https:\/\/www.kita-storchennest.ch\/site\/wp-content\/uploads\/2022\/12\/cropped-Storchennest-1.jpg","contentUrl":"https:\/\/www.kita-storchennest.ch\/site\/wp-content\/uploads\/2022\/12\/cropped-Storchennest-1.jpg","width":512,"height":512,"caption":"Kita Storchennest, Grossalffoltern"},"image":{"@id":"https:\/\/www.kita-storchennest.ch\/site\/#\/schema\/logo\/image\/"}},{"@type":"Person","@id":"https:\/\/www.kita-storchennest.ch\/site\/#\/schema\/person\/f1b4647ee4e9470b6959845026c16a98","name":"Mich\u00e8le Reisinger","image":{"@type":"ImageObject","inLanguage":"de","@id":"https:\/\/secure.gravatar.com\/avatar\/bd779e85779214583b0c7b2b33f9c570dbb5cd8bba8c8bf7c198c500d38fabcb?s=96&d=mm&r=g","url":"https:\/\/secure.gravatar.com\/avatar\/bd779e85779214583b0c7b2b33f9c570dbb5cd8bba8c8bf7c198c500d38fabcb?s=96&d=mm&r=g","contentUrl":"https:\/\/secure.gravatar.com\/avatar\/bd779e85779214583b0c7b2b33f9c570dbb5cd8bba8c8bf7c198c500d38fabcb?s=96&d=mm&r=g","caption":"Mich\u00e8le Reisinger"}}]}},"_links":{"self":[{"href":"https:\/\/www.kita-storchennest.ch\/site\/wp-json\/wp\/v2\/posts\/2774","targetHints":{"allow":["GET"]}}],"collection":[{"href":"https:\/\/www.kita-storchennest.ch\/site\/wp-json\/wp\/v2\/posts"}],"about":[{"href":"https:\/\/www.kita-storchennest.ch\/site\/wp-json\/wp\/v2\/types\/post"}],"author":[{"embeddable":true,"href":"https:\/\/www.kita-storchennest.ch\/site\/wp-json\/wp\/v2\/users\/2"}],"replies":[{"embeddable":true,"href":"https:\/\/www.kita-storchennest.ch\/site\/wp-json\/wp\/v2\/comments?post=2774"}],"version-history":[{"count":1,"href":"https:\/\/www.kita-storchennest.ch\/site\/wp-json\/wp\/v2\/posts\/2774\/revisions"}],"predecessor-version":[{"id":2775,"href":"https:\/\/www.kita-storchennest.ch\/site\/wp-json\/wp\/v2\/posts\/2774\/revisions\/2775"}],"wp:featuredmedia":[{"embeddable":true,"href":"https:\/\/www.kita-storchennest.ch\/site\/wp-json\/wp\/v2\/media\/699"}],"wp:attachment":[{"href":"https:\/\/www.kita-storchennest.ch\/site\/wp-json\/wp\/v2\/media?parent=2774"}],"wp:term":[{"taxonomy":"category","embeddable":true,"href":"https:\/\/www.kita-storchennest.ch\/site\/wp-json\/wp\/v2\/categories?post=2774"},{"taxonomy":"post_tag","embeddable":true,"href":"https:\/\/www.kita-storchennest.ch\/site\/wp-json\/wp\/v2\/tags?post=2774"}],"curies":[{"name":"wp","href":"https:\/\/api.w.org\/{rel}","templated":true}]}}