{"id":2805,"date":"2024-05-17T09:52:25","date_gmt":"2024-05-17T07:52:25","guid":{"rendered":"https:\/\/www.kita-storchennest.ch\/site\/?p=2805"},"modified":"2024-05-17T09:52:26","modified_gmt":"2024-05-17T07:52:26","slug":"kitalager-2024","status":"publish","type":"post","link":"https:\/\/www.kita-storchennest.ch\/site\/kitalager-2024\/","title":{"rendered":"Kitalager 2024"},"content":{"rendered":"\n<p>Mit Sack und Pack ist ein Teil des Teams mit 9 Kindern ins diesj\u00e4hrige Kitalager gefahren. Mit Gummistiefeln und Regenkleidung trotzten sie dem Wetter und verbrachten drei tolle Tage in Steffisburg. Der Abschluss bildete wie jedes Jahr die Schifffahrt nach Spiez und das feine Mittagessen im Restaurant Seegarten Marina. <\/p>\n\n\n\n<figure class=\"wp-block-gallery has-nested-images columns-default is-cropped wp-block-gallery-1 is-layout-flex wp-block-gallery-is-layout-flex\">\n<figure class=\"wp-block-image size-large\"><a href=\"https:\/\/www.kita-storchennest.ch\/site\/wp-content\/uploads\/2024\/05\/IMG_9531-scaled.jpeg\"><img loading=\"lazy\" decoding=\"async\" width=\"655\" height=\"1024\" data-id=\"2808\" src=\"https:\/\/www.kita-storchennest.ch\/site\/wp-content\/uploads\/2024\/05\/IMG_9531-655x1024.jpeg\" alt=\"\" class=\"wp-image-2808\" srcset=\"https:\/\/www.kita-storchennest.ch\/site\/wp-content\/uploads\/2024\/05\/IMG_9531-655x1024.jpeg 655w, https:\/\/www.kita-storchennest.ch\/site\/wp-content\/uploads\/2024\/05\/IMG_9531-192x300.jpeg 192w, https:\/\/www.kita-storchennest.ch\/site\/wp-content\/uploads\/2024\/05\/IMG_9531-768x1201.jpeg 768w, https:\/\/www.kita-storchennest.ch\/site\/wp-content\/uploads\/2024\/05\/IMG_9531-982x1536.jpeg 982w, https:\/\/www.kita-storchennest.ch\/site\/wp-content\/uploads\/2024\/05\/IMG_9531-1309x2048.jpeg 1309w, https:\/\/www.kita-storchennest.ch\/site\/wp-content\/uploads\/2024\/05\/IMG_9531-scaled.jpeg 1637w\" sizes=\"auto, (max-width: 655px) 100vw, 655px\" \/><\/a><\/figure>\n\n\n\n<figure class=\"wp-block-image size-large\"><a href=\"https:\/\/www.kita-storchennest.ch\/site\/wp-content\/uploads\/2024\/05\/IMG_9582.jpeg\"><img loading=\"lazy\" decoding=\"async\" width=\"768\" height=\"1024\" data-id=\"2806\" src=\"https:\/\/www.kita-storchennest.ch\/site\/wp-content\/uploads\/2024\/05\/IMG_9582-768x1024.jpeg\" alt=\"\" class=\"wp-image-2806\" srcset=\"https:\/\/www.kita-storchennest.ch\/site\/wp-content\/uploads\/2024\/05\/IMG_9582-768x1024.jpeg 768w, https:\/\/www.kita-storchennest.ch\/site\/wp-content\/uploads\/2024\/05\/IMG_9582-225x300.jpeg 225w, https:\/\/www.kita-storchennest.ch\/site\/wp-content\/uploads\/2024\/05\/IMG_9582-1152x1536.jpeg 1152w, https:\/\/www.kita-storchennest.ch\/site\/wp-content\/uploads\/2024\/05\/IMG_9582.jpeg 1200w\" sizes=\"auto, (max-width: 767px) 89vw, (max-width: 1000px) 54vw, (max-width: 1071px) 543px, 580px\" \/><\/a><\/figure>\n\n\n\n<figure class=\"wp-block-image size-large\"><a href=\"https:\/\/www.kita-storchennest.ch\/site\/wp-content\/uploads\/2024\/05\/threema-20240506-173949158.jpg.jpeg\"><img loading=\"lazy\" decoding=\"async\" width=\"768\" height=\"1024\" data-id=\"2807\" src=\"https:\/\/www.kita-storchennest.ch\/site\/wp-content\/uploads\/2024\/05\/threema-20240506-173949158.jpg-768x1024.jpeg\" alt=\"\" class=\"wp-image-2807\" srcset=\"https:\/\/www.kita-storchennest.ch\/site\/wp-content\/uploads\/2024\/05\/threema-20240506-173949158.jpg-768x1024.jpeg 768w, https:\/\/www.kita-storchennest.ch\/site\/wp-content\/uploads\/2024\/05\/threema-20240506-173949158.jpg-225x300.jpeg 225w, https:\/\/www.kita-storchennest.ch\/site\/wp-content\/uploads\/2024\/05\/threema-20240506-173949158.jpg-1152x1536.jpeg 1152w, https:\/\/www.kita-storchennest.ch\/site\/wp-content\/uploads\/2024\/05\/threema-20240506-173949158.jpg.jpeg 1200w\" sizes=\"auto, (max-width: 767px) 89vw, (max-width: 1000px) 54vw, (max-width: 1071px) 543px, 580px\" \/><\/a><\/figure>\n<\/figure>\n","protected":false},"excerpt":{"rendered":"<p>Mit Sack und Pack ist ein Teil des Teams mit 9 Kindern ins diesj\u00e4hrige Kitalager gefahren. Mit Gummistiefeln und Regenkleidung trotzten sie dem Wetter und verbrachten drei tolle Tage in Steffisburg. Der Abschluss bildete wie jedes Jahr die Schifffahrt nach Spiez und das feine Mittagessen im Restaurant Seegarten Marina.<\/p>\n","protected":false},"author":2,"featured_media":0,"comment_status":"closed","ping_status":"closed","sticky":false,"template":"","format":"standard","meta":{"ngg_post_thumbnail":0,"footnotes":""},"categories":[1],"tags":[],"class_list":["post-2805","post","type-post","status-publish","format-standard","hentry","category-allgemein"],"yoast_head":"<!-- This site is optimized with the Yoast SEO plugin v27.5 - https:\/\/yoast.com\/product\/yoast-seo-wordpress\/ -->\n<title>Kitalager 2024 &#187; Kita Storchennest Grossaffoltern<\/title>\n<meta name=\"robots\" content=\"index, follow, max-snippet:-1, max-image-preview:large, max-video-preview:-1\" \/>\n<link rel=\"canonical\" href=\"https:\/\/www.kita-storchennest.ch\/site\/kitalager-2024\/\" \/>\n<meta property=\"og:locale\" content=\"de_DE\" \/>\n<meta property=\"og:type\" content=\"article\" \/>\n<meta property=\"og:title\" content=\"Kitalager 2024 &#187; Kita Storchennest Grossaffoltern\" \/>\n<meta property=\"og:description\" content=\"Mit Sack und Pack ist ein Teil des Teams mit 9 Kindern ins diesj\u00e4hrige Kitalager gefahren. Mit Gummistiefeln und Regenkleidung trotzten sie dem Wetter und verbrachten drei tolle Tage in Steffisburg. Der Abschluss bildete wie jedes Jahr die Schifffahrt nach Spiez und das feine Mittagessen im Restaurant Seegarten Marina.\" \/>\n<meta property=\"og:url\" content=\"https:\/\/www.kita-storchennest.ch\/site\/kitalager-2024\/\" \/>\n<meta property=\"og:site_name\" content=\"Kita Storchennest Grossaffoltern\" \/>\n<meta property=\"article:published_time\" content=\"2024-05-17T07:52:25+00:00\" \/>\n<meta property=\"article:modified_time\" content=\"2024-05-17T07:52:26+00:00\" \/>\n<meta property=\"og:image\" content=\"https:\/\/www.kita-storchennest.ch\/site\/wp-content\/uploads\/2024\/05\/IMG_9531-655x1024.jpeg\" \/>\n<meta name=\"author\" content=\"Mich\u00e8le Reisinger\" \/>\n<meta name=\"twitter:card\" content=\"summary_large_image\" \/>\n<meta name=\"twitter:label1\" content=\"Verfasst von\" \/>\n\t<meta name=\"twitter:data1\" content=\"Mich\u00e8le Reisinger\" \/>\n\t<meta name=\"twitter:label2\" content=\"Gesch\u00e4tzte Lesezeit\" \/>\n\t<meta name=\"twitter:data2\" content=\"1\u00a0Minute\" \/>\n<script type=\"application\/ld+json\" class=\"yoast-schema-graph\">{\"@context\":\"https:\\\/\\\/schema.org\",\"@graph\":[{\"@type\":\"Article\",\"@id\":\"https:\\\/\\\/www.kita-storchennest.ch\\\/site\\\/kitalager-2024\\\/#article\",\"isPartOf\":{\"@id\":\"https:\\\/\\\/www.kita-storchennest.ch\\\/site\\\/kitalager-2024\\\/\"},\"author\":{\"name\":\"Mich\u00e8le Reisinger\",\"@id\":\"https:\\\/\\\/www.kita-storchennest.ch\\\/site\\\/#\\\/schema\\\/person\\\/f1b4647ee4e9470b6959845026c16a98\"},\"headline\":\"Kitalager 2024\",\"datePublished\":\"2024-05-17T07:52:25+00:00\",\"dateModified\":\"2024-05-17T07:52:26+00:00\",\"mainEntityOfPage\":{\"@id\":\"https:\\\/\\\/www.kita-storchennest.ch\\\/site\\\/kitalager-2024\\\/\"},\"wordCount\":50,\"publisher\":{\"@id\":\"https:\\\/\\\/www.kita-storchennest.ch\\\/site\\\/#organization\"},\"image\":{\"@id\":\"https:\\\/\\\/www.kita-storchennest.ch\\\/site\\\/kitalager-2024\\\/#primaryimage\"},\"thumbnailUrl\":\"https:\\\/\\\/www.kita-storchennest.ch\\\/site\\\/wp-content\\\/uploads\\\/2024\\\/05\\\/IMG_9531-655x1024.jpeg\",\"inLanguage\":\"de\"},{\"@type\":\"WebPage\",\"@id\":\"https:\\\/\\\/www.kita-storchennest.ch\\\/site\\\/kitalager-2024\\\/\",\"url\":\"https:\\\/\\\/www.kita-storchennest.ch\\\/site\\\/kitalager-2024\\\/\",\"name\":\"Kitalager 2024 &#187; Kita Storchennest Grossaffoltern\",\"isPartOf\":{\"@id\":\"https:\\\/\\\/www.kita-storchennest.ch\\\/site\\\/#website\"},\"primaryImageOfPage\":{\"@id\":\"https:\\\/\\\/www.kita-storchennest.ch\\\/site\\\/kitalager-2024\\\/#primaryimage\"},\"image\":{\"@id\":\"https:\\\/\\\/www.kita-storchennest.ch\\\/site\\\/kitalager-2024\\\/#primaryimage\"},\"thumbnailUrl\":\"https:\\\/\\\/www.kita-storchennest.ch\\\/site\\\/wp-content\\\/uploads\\\/2024\\\/05\\\/IMG_9531-655x1024.jpeg\",\"datePublished\":\"2024-05-17T07:52:25+00:00\",\"dateModified\":\"2024-05-17T07:52:26+00:00\",\"breadcrumb\":{\"@id\":\"https:\\\/\\\/www.kita-storchennest.ch\\\/site\\\/kitalager-2024\\\/#breadcrumb\"},\"inLanguage\":\"de\",\"potentialAction\":[{\"@type\":\"ReadAction\",\"target\":[\"https:\\\/\\\/www.kita-storchennest.ch\\\/site\\\/kitalager-2024\\\/\"]}]},{\"@type\":\"ImageObject\",\"inLanguage\":\"de\",\"@id\":\"https:\\\/\\\/www.kita-storchennest.ch\\\/site\\\/kitalager-2024\\\/#primaryimage\",\"url\":\"https:\\\/\\\/www.kita-storchennest.ch\\\/site\\\/wp-content\\\/uploads\\\/2024\\\/05\\\/IMG_9531-scaled.jpeg\",\"contentUrl\":\"https:\\\/\\\/www.kita-storchennest.ch\\\/site\\\/wp-content\\\/uploads\\\/2024\\\/05\\\/IMG_9531-scaled.jpeg\",\"width\":1637,\"height\":2560},{\"@type\":\"BreadcrumbList\",\"@id\":\"https:\\\/\\\/www.kita-storchennest.ch\\\/site\\\/kitalager-2024\\\/#breadcrumb\",\"itemListElement\":[{\"@type\":\"ListItem\",\"position\":1,\"name\":\"Startseite\",\"item\":\"https:\\\/\\\/www.kita-storchennest.ch\\\/site\\\/\"},{\"@type\":\"ListItem\",\"position\":2,\"name\":\"Kitalager 2024\"}]},{\"@type\":\"WebSite\",\"@id\":\"https:\\\/\\\/www.kita-storchennest.ch\\\/site\\\/#website\",\"url\":\"https:\\\/\\\/www.kita-storchennest.ch\\\/site\\\/\",\"name\":\"Kita Storchennest Grossaffoltern\",\"description\":\"Wengistrasse 7, 3257 Grossaffoltern\",\"publisher\":{\"@id\":\"https:\\\/\\\/www.kita-storchennest.ch\\\/site\\\/#organization\"},\"potentialAction\":[{\"@type\":\"SearchAction\",\"target\":{\"@type\":\"EntryPoint\",\"urlTemplate\":\"https:\\\/\\\/www.kita-storchennest.ch\\\/site\\\/?s={search_term_string}\"},\"query-input\":{\"@type\":\"PropertyValueSpecification\",\"valueRequired\":true,\"valueName\":\"search_term_string\"}}],\"inLanguage\":\"de\"},{\"@type\":\"Organization\",\"@id\":\"https:\\\/\\\/www.kita-storchennest.ch\\\/site\\\/#organization\",\"name\":\"Kita Storchennest, Grossalffoltern\",\"url\":\"https:\\\/\\\/www.kita-storchennest.ch\\\/site\\\/\",\"logo\":{\"@type\":\"ImageObject\",\"inLanguage\":\"de\",\"@id\":\"https:\\\/\\\/www.kita-storchennest.ch\\\/site\\\/#\\\/schema\\\/logo\\\/image\\\/\",\"url\":\"https:\\\/\\\/www.kita-storchennest.ch\\\/site\\\/wp-content\\\/uploads\\\/2022\\\/12\\\/cropped-Storchennest-1.jpg\",\"contentUrl\":\"https:\\\/\\\/www.kita-storchennest.ch\\\/site\\\/wp-content\\\/uploads\\\/2022\\\/12\\\/cropped-Storchennest-1.jpg\",\"width\":512,\"height\":512,\"caption\":\"Kita Storchennest, Grossalffoltern\"},\"image\":{\"@id\":\"https:\\\/\\\/www.kita-storchennest.ch\\\/site\\\/#\\\/schema\\\/logo\\\/image\\\/\"}},{\"@type\":\"Person\",\"@id\":\"https:\\\/\\\/www.kita-storchennest.ch\\\/site\\\/#\\\/schema\\\/person\\\/f1b4647ee4e9470b6959845026c16a98\",\"name\":\"Mich\u00e8le Reisinger\",\"image\":{\"@type\":\"ImageObject\",\"inLanguage\":\"de\",\"@id\":\"https:\\\/\\\/secure.gravatar.com\\\/avatar\\\/bd779e85779214583b0c7b2b33f9c570dbb5cd8bba8c8bf7c198c500d38fabcb?s=96&d=mm&r=g\",\"url\":\"https:\\\/\\\/secure.gravatar.com\\\/avatar\\\/bd779e85779214583b0c7b2b33f9c570dbb5cd8bba8c8bf7c198c500d38fabcb?s=96&d=mm&r=g\",\"contentUrl\":\"https:\\\/\\\/secure.gravatar.com\\\/avatar\\\/bd779e85779214583b0c7b2b33f9c570dbb5cd8bba8c8bf7c198c500d38fabcb?s=96&d=mm&r=g\",\"caption\":\"Mich\u00e8le Reisinger\"}}]}<\/script>\n<!-- \/ Yoast SEO plugin. -->","yoast_head_json":{"title":"Kitalager 2024 &#187; Kita Storchennest Grossaffoltern","robots":{"index":"index","follow":"follow","max-snippet":"max-snippet:-1","max-image-preview":"max-image-preview:large","max-video-preview":"max-video-preview:-1"},"canonical":"https:\/\/www.kita-storchennest.ch\/site\/kitalager-2024\/","og_locale":"de_DE","og_type":"article","og_title":"Kitalager 2024 &#187; Kita Storchennest Grossaffoltern","og_description":"Mit Sack und Pack ist ein Teil des Teams mit 9 Kindern ins diesj\u00e4hrige Kitalager gefahren. Mit Gummistiefeln und Regenkleidung trotzten sie dem Wetter und verbrachten drei tolle Tage in Steffisburg. Der Abschluss bildete wie jedes Jahr die Schifffahrt nach Spiez und das feine Mittagessen im Restaurant Seegarten Marina.","og_url":"https:\/\/www.kita-storchennest.ch\/site\/kitalager-2024\/","og_site_name":"Kita Storchennest Grossaffoltern","article_published_time":"2024-05-17T07:52:25+00:00","article_modified_time":"2024-05-17T07:52:26+00:00","og_image":[{"url":"https:\/\/www.kita-storchennest.ch\/site\/wp-content\/uploads\/2024\/05\/IMG_9531-655x1024.jpeg","type":"","width":"","height":""}],"author":"Mich\u00e8le Reisinger","twitter_card":"summary_large_image","twitter_misc":{"Verfasst von":"Mich\u00e8le Reisinger","Gesch\u00e4tzte Lesezeit":"1\u00a0Minute"},"schema":{"@context":"https:\/\/schema.org","@graph":[{"@type":"Article","@id":"https:\/\/www.kita-storchennest.ch\/site\/kitalager-2024\/#article","isPartOf":{"@id":"https:\/\/www.kita-storchennest.ch\/site\/kitalager-2024\/"},"author":{"name":"Mich\u00e8le Reisinger","@id":"https:\/\/www.kita-storchennest.ch\/site\/#\/schema\/person\/f1b4647ee4e9470b6959845026c16a98"},"headline":"Kitalager 2024","datePublished":"2024-05-17T07:52:25+00:00","dateModified":"2024-05-17T07:52:26+00:00","mainEntityOfPage":{"@id":"https:\/\/www.kita-storchennest.ch\/site\/kitalager-2024\/"},"wordCount":50,"publisher":{"@id":"https:\/\/www.kita-storchennest.ch\/site\/#organization"},"image":{"@id":"https:\/\/www.kita-storchennest.ch\/site\/kitalager-2024\/#primaryimage"},"thumbnailUrl":"https:\/\/www.kita-storchennest.ch\/site\/wp-content\/uploads\/2024\/05\/IMG_9531-655x1024.jpeg","inLanguage":"de"},{"@type":"WebPage","@id":"https:\/\/www.kita-storchennest.ch\/site\/kitalager-2024\/","url":"https:\/\/www.kita-storchennest.ch\/site\/kitalager-2024\/","name":"Kitalager 2024 &#187; Kita Storchennest Grossaffoltern","isPartOf":{"@id":"https:\/\/www.kita-storchennest.ch\/site\/#website"},"primaryImageOfPage":{"@id":"https:\/\/www.kita-storchennest.ch\/site\/kitalager-2024\/#primaryimage"},"image":{"@id":"https:\/\/www.kita-storchennest.ch\/site\/kitalager-2024\/#primaryimage"},"thumbnailUrl":"https:\/\/www.kita-storchennest.ch\/site\/wp-content\/uploads\/2024\/05\/IMG_9531-655x1024.jpeg","datePublished":"2024-05-17T07:52:25+00:00","dateModified":"2024-05-17T07:52:26+00:00","breadcrumb":{"@id":"https:\/\/www.kita-storchennest.ch\/site\/kitalager-2024\/#breadcrumb"},"inLanguage":"de","potentialAction":[{"@type":"ReadAction","target":["https:\/\/www.kita-storchennest.ch\/site\/kitalager-2024\/"]}]},{"@type":"ImageObject","inLanguage":"de","@id":"https:\/\/www.kita-storchennest.ch\/site\/kitalager-2024\/#primaryimage","url":"https:\/\/www.kita-storchennest.ch\/site\/wp-content\/uploads\/2024\/05\/IMG_9531-scaled.jpeg","contentUrl":"https:\/\/www.kita-storchennest.ch\/site\/wp-content\/uploads\/2024\/05\/IMG_9531-scaled.jpeg","width":1637,"height":2560},{"@type":"BreadcrumbList","@id":"https:\/\/www.kita-storchennest.ch\/site\/kitalager-2024\/#breadcrumb","itemListElement":[{"@type":"ListItem","position":1,"name":"Startseite","item":"https:\/\/www.kita-storchennest.ch\/site\/"},{"@type":"ListItem","position":2,"name":"Kitalager 2024"}]},{"@type":"WebSite","@id":"https:\/\/www.kita-storchennest.ch\/site\/#website","url":"https:\/\/www.kita-storchennest.ch\/site\/","name":"Kita Storchennest Grossaffoltern","description":"Wengistrasse 7, 3257 Grossaffoltern","publisher":{"@id":"https:\/\/www.kita-storchennest.ch\/site\/#organization"},"potentialAction":[{"@type":"SearchAction","target":{"@type":"EntryPoint","urlTemplate":"https:\/\/www.kita-storchennest.ch\/site\/?s={search_term_string}"},"query-input":{"@type":"PropertyValueSpecification","valueRequired":true,"valueName":"search_term_string"}}],"inLanguage":"de"},{"@type":"Organization","@id":"https:\/\/www.kita-storchennest.ch\/site\/#organization","name":"Kita Storchennest, Grossalffoltern","url":"https:\/\/www.kita-storchennest.ch\/site\/","logo":{"@type":"ImageObject","inLanguage":"de","@id":"https:\/\/www.kita-storchennest.ch\/site\/#\/schema\/logo\/image\/","url":"https:\/\/www.kita-storchennest.ch\/site\/wp-content\/uploads\/2022\/12\/cropped-Storchennest-1.jpg","contentUrl":"https:\/\/www.kita-storchennest.ch\/site\/wp-content\/uploads\/2022\/12\/cropped-Storchennest-1.jpg","width":512,"height":512,"caption":"Kita Storchennest, Grossalffoltern"},"image":{"@id":"https:\/\/www.kita-storchennest.ch\/site\/#\/schema\/logo\/image\/"}},{"@type":"Person","@id":"https:\/\/www.kita-storchennest.ch\/site\/#\/schema\/person\/f1b4647ee4e9470b6959845026c16a98","name":"Mich\u00e8le Reisinger","image":{"@type":"ImageObject","inLanguage":"de","@id":"https:\/\/secure.gravatar.com\/avatar\/bd779e85779214583b0c7b2b33f9c570dbb5cd8bba8c8bf7c198c500d38fabcb?s=96&d=mm&r=g","url":"https:\/\/secure.gravatar.com\/avatar\/bd779e85779214583b0c7b2b33f9c570dbb5cd8bba8c8bf7c198c500d38fabcb?s=96&d=mm&r=g","contentUrl":"https:\/\/secure.gravatar.com\/avatar\/bd779e85779214583b0c7b2b33f9c570dbb5cd8bba8c8bf7c198c500d38fabcb?s=96&d=mm&r=g","caption":"Mich\u00e8le Reisinger"}}]}},"_links":{"self":[{"href":"https:\/\/www.kita-storchennest.ch\/site\/wp-json\/wp\/v2\/posts\/2805","targetHints":{"allow":["GET"]}}],"collection":[{"href":"https:\/\/www.kita-storchennest.ch\/site\/wp-json\/wp\/v2\/posts"}],"about":[{"href":"https:\/\/www.kita-storchennest.ch\/site\/wp-json\/wp\/v2\/types\/post"}],"author":[{"embeddable":true,"href":"https:\/\/www.kita-storchennest.ch\/site\/wp-json\/wp\/v2\/users\/2"}],"replies":[{"embeddable":true,"href":"https:\/\/www.kita-storchennest.ch\/site\/wp-json\/wp\/v2\/comments?post=2805"}],"version-history":[{"count":1,"href":"https:\/\/www.kita-storchennest.ch\/site\/wp-json\/wp\/v2\/posts\/2805\/revisions"}],"predecessor-version":[{"id":2809,"href":"https:\/\/www.kita-storchennest.ch\/site\/wp-json\/wp\/v2\/posts\/2805\/revisions\/2809"}],"wp:attachment":[{"href":"https:\/\/www.kita-storchennest.ch\/site\/wp-json\/wp\/v2\/media?parent=2805"}],"wp:term":[{"taxonomy":"category","embeddable":true,"href":"https:\/\/www.kita-storchennest.ch\/site\/wp-json\/wp\/v2\/categories?post=2805"},{"taxonomy":"post_tag","embeddable":true,"href":"https:\/\/www.kita-storchennest.ch\/site\/wp-json\/wp\/v2\/tags?post=2805"}],"curies":[{"name":"wp","href":"https:\/\/api.w.org\/{rel}","templated":true}]}}