{"id":2810,"date":"2024-05-17T10:35:18","date_gmt":"2024-05-17T08:35:18","guid":{"rendered":"https:\/\/www.kita-storchennest.ch\/site\/?p=2810"},"modified":"2024-05-17T10:35:18","modified_gmt":"2024-05-17T08:35:18","slug":"applaus-fuer-ein-unglaublich-tolles-team","status":"publish","type":"post","link":"https:\/\/www.kita-storchennest.ch\/site\/applaus-fuer-ein-unglaublich-tolles-team\/","title":{"rendered":"Applaus f\u00fcr ein unglaublich tolles Team"},"content":{"rendered":"<p style=\"text-align: left;\">Aufgrund krankheitsbedingter Ausf\u00e4lle leistet das Team seit April enorm viel\nzus\u00e4tzlichen Effort. Kurzfristige Plan\u00e4nderungen, \u00dcberstunden und Mehrarbeit\ndurch den Tag hindurch, begleiten das Team. W\u00e4hrend dem Kitalager ben\u00f6tigten\nwir noch unsere allerletzten Personalreserven. Das Team meistert dies stets mit\neiner unglaublichen Flexibilit\u00e4t, Hilfsbereitschaft und Motivation. Auch wenn\ndie Batterien nach einem anstrengenden Tag v\u00f6llig leer sind, stehen alle am\nn\u00e4chsten Morgen wieder gut gelaunt in der Kita. Dies ist nicht\nselbstverst\u00e4ndlich und ihnen geb\u00fchrt ein riesengrosser Applaus. Als Leitung\nmacht es mich unglaublich stolz ein so grossartiges Team zu haben.<\/p>\n<p style=\"text-align: center;\"><!-- \/wp:post-content --><!-- wp:paragraph --><\/p>\n<p style=\"text-align: center;\"><strong>Merci vieu mau euch aune, dir sit Gold w\u00e4rt!<\/strong><\/p>\n<p style=\"text-align: center;\"><a href=\"https:\/\/www.kita-storchennest.ch\/site\/wp-content\/uploads\/2024\/05\/IMG_8314-scaled-e1715934698379.jpeg\"><img loading=\"lazy\" decoding=\"async\" class=\"alignnone size-medium wp-image-2811\" src=\"https:\/\/www.kita-storchennest.ch\/site\/wp-content\/uploads\/2024\/05\/IMG_8314-scaled-e1715934698379-275x300.jpeg\" alt=\"\" width=\"275\" height=\"300\" srcset=\"https:\/\/www.kita-storchennest.ch\/site\/wp-content\/uploads\/2024\/05\/IMG_8314-scaled-e1715934698379-275x300.jpeg 275w, https:\/\/www.kita-storchennest.ch\/site\/wp-content\/uploads\/2024\/05\/IMG_8314-scaled-e1715934698379-768x838.jpeg 768w, https:\/\/www.kita-storchennest.ch\/site\/wp-content\/uploads\/2024\/05\/IMG_8314-scaled-e1715934698379-938x1024.jpeg 938w, https:\/\/www.kita-storchennest.ch\/site\/wp-content\/uploads\/2024\/05\/IMG_8314-scaled-e1715934698379-1407x1536.jpeg 1407w, https:\/\/www.kita-storchennest.ch\/site\/wp-content\/uploads\/2024\/05\/IMG_8314-scaled-e1715934698379-1877x2048.jpeg 1877w, https:\/\/www.kita-storchennest.ch\/site\/wp-content\/uploads\/2024\/05\/IMG_8314-scaled-e1715934698379.jpeg 1915w\" sizes=\"auto, (max-width: 275px) 100vw, 275px\" \/><\/a><\/p>\n<!-- \/wp:paragraph -->\n\n<!-- wp:gallery {\"linkTo\":\"file\"} -->\n<figure class=\"wp-block-gallery has-nested-images columns-default is-cropped\"><!-- wp:image {\"id\":2811,\"sizeSlug\":\"full\",\"linkDestination\":\"media\",\"style\":{\"color\":{\"duotone\":\"unset\"}},\"className\":\"is-style-default\"} -->\n<figure class=\"wp-block-image size-full is-style-default\"><\/figure>\n<!-- \/wp:image --><\/figure>\n<!-- \/wp:gallery -->\n\n<!-- wp:paragraph -->\n\n<!-- \/wp:paragraph -->","protected":false},"excerpt":{"rendered":"<p>Aufgrund krankheitsbedingter Ausf\u00e4lle leistet das Team seit April enorm viel zus\u00e4tzlichen Effort. Kurzfristige Plan\u00e4nderungen, \u00dcberstunden und Mehrarbeit durch den Tag hindurch, begleiten das Team. W\u00e4hrend dem Kitalager ben\u00f6tigten wir noch unsere allerletzten Personalreserven. Das Team meistert dies stets mit einer unglaublichen Flexibilit\u00e4t, Hilfsbereitschaft und Motivation. Auch wenn die Batterien nach einem anstrengenden Tag v\u00f6llig leer &hellip; <\/p>\n<p class=\"link-more\"><a href=\"https:\/\/www.kita-storchennest.ch\/site\/applaus-fuer-ein-unglaublich-tolles-team\/\" class=\"more-link\"><span class=\"screen-reader-text\">\u201eApplaus f\u00fcr ein unglaublich tolles Team\u201c <\/span>weiterlesen<\/a><\/p>\n","protected":false},"author":2,"featured_media":0,"comment_status":"closed","ping_status":"closed","sticky":false,"template":"","format":"standard","meta":{"ngg_post_thumbnail":0,"footnotes":""},"categories":[1],"tags":[],"class_list":["post-2810","post","type-post","status-publish","format-standard","hentry","category-allgemein"],"yoast_head":"<!-- This site is optimized with the Yoast SEO plugin v27.5 - https:\/\/yoast.com\/product\/yoast-seo-wordpress\/ -->\n<title>Applaus f\u00fcr ein unglaublich tolles Team &#187; Kita Storchennest Grossaffoltern<\/title>\n<meta name=\"robots\" content=\"index, follow, max-snippet:-1, max-image-preview:large, max-video-preview:-1\" \/>\n<link rel=\"canonical\" href=\"https:\/\/www.kita-storchennest.ch\/site\/applaus-fuer-ein-unglaublich-tolles-team\/\" \/>\n<meta property=\"og:locale\" content=\"de_DE\" \/>\n<meta property=\"og:type\" content=\"article\" \/>\n<meta property=\"og:title\" content=\"Applaus f\u00fcr ein unglaublich tolles Team &#187; Kita Storchennest Grossaffoltern\" \/>\n<meta property=\"og:description\" content=\"Aufgrund krankheitsbedingter Ausf\u00e4lle leistet das Team seit April enorm viel zus\u00e4tzlichen Effort. Kurzfristige Plan\u00e4nderungen, \u00dcberstunden und Mehrarbeit durch den Tag hindurch, begleiten das Team. W\u00e4hrend dem Kitalager ben\u00f6tigten wir noch unsere allerletzten Personalreserven. Das Team meistert dies stets mit einer unglaublichen Flexibilit\u00e4t, Hilfsbereitschaft und Motivation. Auch wenn die Batterien nach einem anstrengenden Tag v\u00f6llig leer &hellip; \u201eApplaus f\u00fcr ein unglaublich tolles Team\u201c weiterlesen\" \/>\n<meta property=\"og:url\" content=\"https:\/\/www.kita-storchennest.ch\/site\/applaus-fuer-ein-unglaublich-tolles-team\/\" \/>\n<meta property=\"og:site_name\" content=\"Kita Storchennest Grossaffoltern\" \/>\n<meta property=\"article:published_time\" content=\"2024-05-17T08:35:18+00:00\" \/>\n<meta property=\"og:image\" content=\"https:\/\/www.kita-storchennest.ch\/site\/wp-content\/uploads\/2024\/05\/IMG_8314-scaled-e1715934698379-275x300.jpeg\" \/>\n<meta name=\"author\" content=\"Mich\u00e8le Reisinger\" \/>\n<meta name=\"twitter:card\" content=\"summary_large_image\" \/>\n<meta name=\"twitter:label1\" content=\"Verfasst von\" \/>\n\t<meta name=\"twitter:data1\" content=\"Mich\u00e8le Reisinger\" \/>\n\t<meta name=\"twitter:label2\" content=\"Gesch\u00e4tzte Lesezeit\" \/>\n\t<meta name=\"twitter:data2\" content=\"1\u00a0Minute\" \/>\n<script type=\"application\/ld+json\" class=\"yoast-schema-graph\">{\"@context\":\"https:\\\/\\\/schema.org\",\"@graph\":[{\"@type\":\"Article\",\"@id\":\"https:\\\/\\\/www.kita-storchennest.ch\\\/site\\\/applaus-fuer-ein-unglaublich-tolles-team\\\/#article\",\"isPartOf\":{\"@id\":\"https:\\\/\\\/www.kita-storchennest.ch\\\/site\\\/applaus-fuer-ein-unglaublich-tolles-team\\\/\"},\"author\":{\"name\":\"Mich\u00e8le Reisinger\",\"@id\":\"https:\\\/\\\/www.kita-storchennest.ch\\\/site\\\/#\\\/schema\\\/person\\\/f1b4647ee4e9470b6959845026c16a98\"},\"headline\":\"Applaus f\u00fcr ein unglaublich tolles Team\",\"datePublished\":\"2024-05-17T08:35:18+00:00\",\"mainEntityOfPage\":{\"@id\":\"https:\\\/\\\/www.kita-storchennest.ch\\\/site\\\/applaus-fuer-ein-unglaublich-tolles-team\\\/\"},\"wordCount\":117,\"publisher\":{\"@id\":\"https:\\\/\\\/www.kita-storchennest.ch\\\/site\\\/#organization\"},\"image\":{\"@id\":\"https:\\\/\\\/www.kita-storchennest.ch\\\/site\\\/applaus-fuer-ein-unglaublich-tolles-team\\\/#primaryimage\"},\"thumbnailUrl\":\"https:\\\/\\\/www.kita-storchennest.ch\\\/site\\\/wp-content\\\/uploads\\\/2024\\\/05\\\/IMG_8314-scaled-e1715934698379-275x300.jpeg\",\"inLanguage\":\"de\"},{\"@type\":\"WebPage\",\"@id\":\"https:\\\/\\\/www.kita-storchennest.ch\\\/site\\\/applaus-fuer-ein-unglaublich-tolles-team\\\/\",\"url\":\"https:\\\/\\\/www.kita-storchennest.ch\\\/site\\\/applaus-fuer-ein-unglaublich-tolles-team\\\/\",\"name\":\"Applaus f\u00fcr ein unglaublich tolles Team &#187; Kita Storchennest Grossaffoltern\",\"isPartOf\":{\"@id\":\"https:\\\/\\\/www.kita-storchennest.ch\\\/site\\\/#website\"},\"primaryImageOfPage\":{\"@id\":\"https:\\\/\\\/www.kita-storchennest.ch\\\/site\\\/applaus-fuer-ein-unglaublich-tolles-team\\\/#primaryimage\"},\"image\":{\"@id\":\"https:\\\/\\\/www.kita-storchennest.ch\\\/site\\\/applaus-fuer-ein-unglaublich-tolles-team\\\/#primaryimage\"},\"thumbnailUrl\":\"https:\\\/\\\/www.kita-storchennest.ch\\\/site\\\/wp-content\\\/uploads\\\/2024\\\/05\\\/IMG_8314-scaled-e1715934698379-275x300.jpeg\",\"datePublished\":\"2024-05-17T08:35:18+00:00\",\"breadcrumb\":{\"@id\":\"https:\\\/\\\/www.kita-storchennest.ch\\\/site\\\/applaus-fuer-ein-unglaublich-tolles-team\\\/#breadcrumb\"},\"inLanguage\":\"de\",\"potentialAction\":[{\"@type\":\"ReadAction\",\"target\":[\"https:\\\/\\\/www.kita-storchennest.ch\\\/site\\\/applaus-fuer-ein-unglaublich-tolles-team\\\/\"]}]},{\"@type\":\"ImageObject\",\"inLanguage\":\"de\",\"@id\":\"https:\\\/\\\/www.kita-storchennest.ch\\\/site\\\/applaus-fuer-ein-unglaublich-tolles-team\\\/#primaryimage\",\"url\":\"https:\\\/\\\/www.kita-storchennest.ch\\\/site\\\/wp-content\\\/uploads\\\/2024\\\/05\\\/IMG_8314-scaled-e1715934698379.jpeg\",\"contentUrl\":\"https:\\\/\\\/www.kita-storchennest.ch\\\/site\\\/wp-content\\\/uploads\\\/2024\\\/05\\\/IMG_8314-scaled-e1715934698379.jpeg\",\"width\":1915,\"height\":2090},{\"@type\":\"BreadcrumbList\",\"@id\":\"https:\\\/\\\/www.kita-storchennest.ch\\\/site\\\/applaus-fuer-ein-unglaublich-tolles-team\\\/#breadcrumb\",\"itemListElement\":[{\"@type\":\"ListItem\",\"position\":1,\"name\":\"Startseite\",\"item\":\"https:\\\/\\\/www.kita-storchennest.ch\\\/site\\\/\"},{\"@type\":\"ListItem\",\"position\":2,\"name\":\"Applaus f\u00fcr ein unglaublich tolles Team\"}]},{\"@type\":\"WebSite\",\"@id\":\"https:\\\/\\\/www.kita-storchennest.ch\\\/site\\\/#website\",\"url\":\"https:\\\/\\\/www.kita-storchennest.ch\\\/site\\\/\",\"name\":\"Kita Storchennest Grossaffoltern\",\"description\":\"Wengistrasse 7, 3257 Grossaffoltern\",\"publisher\":{\"@id\":\"https:\\\/\\\/www.kita-storchennest.ch\\\/site\\\/#organization\"},\"potentialAction\":[{\"@type\":\"SearchAction\",\"target\":{\"@type\":\"EntryPoint\",\"urlTemplate\":\"https:\\\/\\\/www.kita-storchennest.ch\\\/site\\\/?s={search_term_string}\"},\"query-input\":{\"@type\":\"PropertyValueSpecification\",\"valueRequired\":true,\"valueName\":\"search_term_string\"}}],\"inLanguage\":\"de\"},{\"@type\":\"Organization\",\"@id\":\"https:\\\/\\\/www.kita-storchennest.ch\\\/site\\\/#organization\",\"name\":\"Kita Storchennest, Grossalffoltern\",\"url\":\"https:\\\/\\\/www.kita-storchennest.ch\\\/site\\\/\",\"logo\":{\"@type\":\"ImageObject\",\"inLanguage\":\"de\",\"@id\":\"https:\\\/\\\/www.kita-storchennest.ch\\\/site\\\/#\\\/schema\\\/logo\\\/image\\\/\",\"url\":\"https:\\\/\\\/www.kita-storchennest.ch\\\/site\\\/wp-content\\\/uploads\\\/2022\\\/12\\\/cropped-Storchennest-1.jpg\",\"contentUrl\":\"https:\\\/\\\/www.kita-storchennest.ch\\\/site\\\/wp-content\\\/uploads\\\/2022\\\/12\\\/cropped-Storchennest-1.jpg\",\"width\":512,\"height\":512,\"caption\":\"Kita Storchennest, Grossalffoltern\"},\"image\":{\"@id\":\"https:\\\/\\\/www.kita-storchennest.ch\\\/site\\\/#\\\/schema\\\/logo\\\/image\\\/\"}},{\"@type\":\"Person\",\"@id\":\"https:\\\/\\\/www.kita-storchennest.ch\\\/site\\\/#\\\/schema\\\/person\\\/f1b4647ee4e9470b6959845026c16a98\",\"name\":\"Mich\u00e8le Reisinger\",\"image\":{\"@type\":\"ImageObject\",\"inLanguage\":\"de\",\"@id\":\"https:\\\/\\\/secure.gravatar.com\\\/avatar\\\/bd779e85779214583b0c7b2b33f9c570dbb5cd8bba8c8bf7c198c500d38fabcb?s=96&d=mm&r=g\",\"url\":\"https:\\\/\\\/secure.gravatar.com\\\/avatar\\\/bd779e85779214583b0c7b2b33f9c570dbb5cd8bba8c8bf7c198c500d38fabcb?s=96&d=mm&r=g\",\"contentUrl\":\"https:\\\/\\\/secure.gravatar.com\\\/avatar\\\/bd779e85779214583b0c7b2b33f9c570dbb5cd8bba8c8bf7c198c500d38fabcb?s=96&d=mm&r=g\",\"caption\":\"Mich\u00e8le Reisinger\"}}]}<\/script>\n<!-- \/ Yoast SEO plugin. -->","yoast_head_json":{"title":"Applaus f\u00fcr ein unglaublich tolles Team &#187; Kita Storchennest Grossaffoltern","robots":{"index":"index","follow":"follow","max-snippet":"max-snippet:-1","max-image-preview":"max-image-preview:large","max-video-preview":"max-video-preview:-1"},"canonical":"https:\/\/www.kita-storchennest.ch\/site\/applaus-fuer-ein-unglaublich-tolles-team\/","og_locale":"de_DE","og_type":"article","og_title":"Applaus f\u00fcr ein unglaublich tolles Team &#187; Kita Storchennest Grossaffoltern","og_description":"Aufgrund krankheitsbedingter Ausf\u00e4lle leistet das Team seit April enorm viel zus\u00e4tzlichen Effort. Kurzfristige Plan\u00e4nderungen, \u00dcberstunden und Mehrarbeit durch den Tag hindurch, begleiten das Team. W\u00e4hrend dem Kitalager ben\u00f6tigten wir noch unsere allerletzten Personalreserven. Das Team meistert dies stets mit einer unglaublichen Flexibilit\u00e4t, Hilfsbereitschaft und Motivation. Auch wenn die Batterien nach einem anstrengenden Tag v\u00f6llig leer &hellip; \u201eApplaus f\u00fcr ein unglaublich tolles Team\u201c weiterlesen","og_url":"https:\/\/www.kita-storchennest.ch\/site\/applaus-fuer-ein-unglaublich-tolles-team\/","og_site_name":"Kita Storchennest Grossaffoltern","article_published_time":"2024-05-17T08:35:18+00:00","og_image":[{"url":"https:\/\/www.kita-storchennest.ch\/site\/wp-content\/uploads\/2024\/05\/IMG_8314-scaled-e1715934698379-275x300.jpeg","type":"","width":"","height":""}],"author":"Mich\u00e8le Reisinger","twitter_card":"summary_large_image","twitter_misc":{"Verfasst von":"Mich\u00e8le Reisinger","Gesch\u00e4tzte Lesezeit":"1\u00a0Minute"},"schema":{"@context":"https:\/\/schema.org","@graph":[{"@type":"Article","@id":"https:\/\/www.kita-storchennest.ch\/site\/applaus-fuer-ein-unglaublich-tolles-team\/#article","isPartOf":{"@id":"https:\/\/www.kita-storchennest.ch\/site\/applaus-fuer-ein-unglaublich-tolles-team\/"},"author":{"name":"Mich\u00e8le Reisinger","@id":"https:\/\/www.kita-storchennest.ch\/site\/#\/schema\/person\/f1b4647ee4e9470b6959845026c16a98"},"headline":"Applaus f\u00fcr ein unglaublich tolles Team","datePublished":"2024-05-17T08:35:18+00:00","mainEntityOfPage":{"@id":"https:\/\/www.kita-storchennest.ch\/site\/applaus-fuer-ein-unglaublich-tolles-team\/"},"wordCount":117,"publisher":{"@id":"https:\/\/www.kita-storchennest.ch\/site\/#organization"},"image":{"@id":"https:\/\/www.kita-storchennest.ch\/site\/applaus-fuer-ein-unglaublich-tolles-team\/#primaryimage"},"thumbnailUrl":"https:\/\/www.kita-storchennest.ch\/site\/wp-content\/uploads\/2024\/05\/IMG_8314-scaled-e1715934698379-275x300.jpeg","inLanguage":"de"},{"@type":"WebPage","@id":"https:\/\/www.kita-storchennest.ch\/site\/applaus-fuer-ein-unglaublich-tolles-team\/","url":"https:\/\/www.kita-storchennest.ch\/site\/applaus-fuer-ein-unglaublich-tolles-team\/","name":"Applaus f\u00fcr ein unglaublich tolles Team &#187; Kita Storchennest Grossaffoltern","isPartOf":{"@id":"https:\/\/www.kita-storchennest.ch\/site\/#website"},"primaryImageOfPage":{"@id":"https:\/\/www.kita-storchennest.ch\/site\/applaus-fuer-ein-unglaublich-tolles-team\/#primaryimage"},"image":{"@id":"https:\/\/www.kita-storchennest.ch\/site\/applaus-fuer-ein-unglaublich-tolles-team\/#primaryimage"},"thumbnailUrl":"https:\/\/www.kita-storchennest.ch\/site\/wp-content\/uploads\/2024\/05\/IMG_8314-scaled-e1715934698379-275x300.jpeg","datePublished":"2024-05-17T08:35:18+00:00","breadcrumb":{"@id":"https:\/\/www.kita-storchennest.ch\/site\/applaus-fuer-ein-unglaublich-tolles-team\/#breadcrumb"},"inLanguage":"de","potentialAction":[{"@type":"ReadAction","target":["https:\/\/www.kita-storchennest.ch\/site\/applaus-fuer-ein-unglaublich-tolles-team\/"]}]},{"@type":"ImageObject","inLanguage":"de","@id":"https:\/\/www.kita-storchennest.ch\/site\/applaus-fuer-ein-unglaublich-tolles-team\/#primaryimage","url":"https:\/\/www.kita-storchennest.ch\/site\/wp-content\/uploads\/2024\/05\/IMG_8314-scaled-e1715934698379.jpeg","contentUrl":"https:\/\/www.kita-storchennest.ch\/site\/wp-content\/uploads\/2024\/05\/IMG_8314-scaled-e1715934698379.jpeg","width":1915,"height":2090},{"@type":"BreadcrumbList","@id":"https:\/\/www.kita-storchennest.ch\/site\/applaus-fuer-ein-unglaublich-tolles-team\/#breadcrumb","itemListElement":[{"@type":"ListItem","position":1,"name":"Startseite","item":"https:\/\/www.kita-storchennest.ch\/site\/"},{"@type":"ListItem","position":2,"name":"Applaus f\u00fcr ein unglaublich tolles Team"}]},{"@type":"WebSite","@id":"https:\/\/www.kita-storchennest.ch\/site\/#website","url":"https:\/\/www.kita-storchennest.ch\/site\/","name":"Kita Storchennest Grossaffoltern","description":"Wengistrasse 7, 3257 Grossaffoltern","publisher":{"@id":"https:\/\/www.kita-storchennest.ch\/site\/#organization"},"potentialAction":[{"@type":"SearchAction","target":{"@type":"EntryPoint","urlTemplate":"https:\/\/www.kita-storchennest.ch\/site\/?s={search_term_string}"},"query-input":{"@type":"PropertyValueSpecification","valueRequired":true,"valueName":"search_term_string"}}],"inLanguage":"de"},{"@type":"Organization","@id":"https:\/\/www.kita-storchennest.ch\/site\/#organization","name":"Kita Storchennest, Grossalffoltern","url":"https:\/\/www.kita-storchennest.ch\/site\/","logo":{"@type":"ImageObject","inLanguage":"de","@id":"https:\/\/www.kita-storchennest.ch\/site\/#\/schema\/logo\/image\/","url":"https:\/\/www.kita-storchennest.ch\/site\/wp-content\/uploads\/2022\/12\/cropped-Storchennest-1.jpg","contentUrl":"https:\/\/www.kita-storchennest.ch\/site\/wp-content\/uploads\/2022\/12\/cropped-Storchennest-1.jpg","width":512,"height":512,"caption":"Kita Storchennest, Grossalffoltern"},"image":{"@id":"https:\/\/www.kita-storchennest.ch\/site\/#\/schema\/logo\/image\/"}},{"@type":"Person","@id":"https:\/\/www.kita-storchennest.ch\/site\/#\/schema\/person\/f1b4647ee4e9470b6959845026c16a98","name":"Mich\u00e8le Reisinger","image":{"@type":"ImageObject","inLanguage":"de","@id":"https:\/\/secure.gravatar.com\/avatar\/bd779e85779214583b0c7b2b33f9c570dbb5cd8bba8c8bf7c198c500d38fabcb?s=96&d=mm&r=g","url":"https:\/\/secure.gravatar.com\/avatar\/bd779e85779214583b0c7b2b33f9c570dbb5cd8bba8c8bf7c198c500d38fabcb?s=96&d=mm&r=g","contentUrl":"https:\/\/secure.gravatar.com\/avatar\/bd779e85779214583b0c7b2b33f9c570dbb5cd8bba8c8bf7c198c500d38fabcb?s=96&d=mm&r=g","caption":"Mich\u00e8le Reisinger"}}]}},"_links":{"self":[{"href":"https:\/\/www.kita-storchennest.ch\/site\/wp-json\/wp\/v2\/posts\/2810","targetHints":{"allow":["GET"]}}],"collection":[{"href":"https:\/\/www.kita-storchennest.ch\/site\/wp-json\/wp\/v2\/posts"}],"about":[{"href":"https:\/\/www.kita-storchennest.ch\/site\/wp-json\/wp\/v2\/types\/post"}],"author":[{"embeddable":true,"href":"https:\/\/www.kita-storchennest.ch\/site\/wp-json\/wp\/v2\/users\/2"}],"replies":[{"embeddable":true,"href":"https:\/\/www.kita-storchennest.ch\/site\/wp-json\/wp\/v2\/comments?post=2810"}],"version-history":[{"count":3,"href":"https:\/\/www.kita-storchennest.ch\/site\/wp-json\/wp\/v2\/posts\/2810\/revisions"}],"predecessor-version":[{"id":2814,"href":"https:\/\/www.kita-storchennest.ch\/site\/wp-json\/wp\/v2\/posts\/2810\/revisions\/2814"}],"wp:attachment":[{"href":"https:\/\/www.kita-storchennest.ch\/site\/wp-json\/wp\/v2\/media?parent=2810"}],"wp:term":[{"taxonomy":"category","embeddable":true,"href":"https:\/\/www.kita-storchennest.ch\/site\/wp-json\/wp\/v2\/categories?post=2810"},{"taxonomy":"post_tag","embeddable":true,"href":"https:\/\/www.kita-storchennest.ch\/site\/wp-json\/wp\/v2\/tags?post=2810"}],"curies":[{"name":"wp","href":"https:\/\/api.w.org\/{rel}","templated":true}]}}