{"id":2886,"date":"2025-07-29T07:45:02","date_gmt":"2025-07-29T05:45:02","guid":{"rendered":"https:\/\/www.kita-storchennest.ch\/site\/?p=2886"},"modified":"2025-07-29T07:45:03","modified_gmt":"2025-07-29T05:45:03","slug":"schliessung-gruppenraeume-im-2-stock","status":"publish","type":"post","link":"https:\/\/www.kita-storchennest.ch\/site\/schliessung-gruppenraeume-im-2-stock\/","title":{"rendered":"Schliessung Gruppenr\u00e4ume im 2. Stock"},"content":{"rendered":"\n<p>Diesen Monat durften wir 14 Jungst\u00f6rche Richtung Kindergarten verabschieden. Diese enorme Zahl hinterl\u00e4sst Spuren in unserer Auslastung. Daher haben wir uns ganz nach dem Motto, reduce to the max, entschieden die R\u00e4umlichkeiten im 2. Stock aufzugeben und die angebotenen Betreuungspl\u00e4tze ab August 25 von 18 auf 14 zu senken. In den letzten Wochen hat das Team Kisten gepackt, M\u00f6bel heruntergebracht und die Gruppenr\u00e4ume im EG neu gestaltet. <\/p>\n\n\n\n<p><\/p>\n","protected":false},"excerpt":{"rendered":"<p>Diesen Monat durften wir 14 Jungst\u00f6rche Richtung Kindergarten verabschieden. Diese enorme Zahl hinterl\u00e4sst Spuren in unserer Auslastung. Daher haben wir uns ganz nach dem Motto, reduce to the max, entschieden die R\u00e4umlichkeiten im 2. Stock aufzugeben und die angebotenen Betreuungspl\u00e4tze ab August 25 von 18 auf 14 zu senken. In den letzten Wochen hat das &hellip; <\/p>\n<p class=\"link-more\"><a href=\"https:\/\/www.kita-storchennest.ch\/site\/schliessung-gruppenraeume-im-2-stock\/\" class=\"more-link\"><span class=\"screen-reader-text\">\u201eSchliessung Gruppenr\u00e4ume im 2. Stock\u201c <\/span>weiterlesen<\/a><\/p>\n","protected":false},"author":2,"featured_media":2887,"comment_status":"closed","ping_status":"closed","sticky":false,"template":"","format":"standard","meta":{"ngg_post_thumbnail":0,"footnotes":""},"categories":[1],"tags":[],"class_list":["post-2886","post","type-post","status-publish","format-standard","has-post-thumbnail","hentry","category-allgemein"],"yoast_head":"<!-- This site is optimized with the Yoast SEO plugin v27.5 - https:\/\/yoast.com\/product\/yoast-seo-wordpress\/ -->\n<title>Schliessung Gruppenr\u00e4ume im 2. Stock &#187; Kita Storchennest Grossaffoltern<\/title>\n<meta name=\"robots\" content=\"index, follow, max-snippet:-1, max-image-preview:large, max-video-preview:-1\" \/>\n<link rel=\"canonical\" href=\"https:\/\/www.kita-storchennest.ch\/site\/schliessung-gruppenraeume-im-2-stock\/\" \/>\n<meta property=\"og:locale\" content=\"de_DE\" \/>\n<meta property=\"og:type\" content=\"article\" \/>\n<meta property=\"og:title\" content=\"Schliessung Gruppenr\u00e4ume im 2. Stock &#187; Kita Storchennest Grossaffoltern\" \/>\n<meta property=\"og:description\" content=\"Diesen Monat durften wir 14 Jungst\u00f6rche Richtung Kindergarten verabschieden. Diese enorme Zahl hinterl\u00e4sst Spuren in unserer Auslastung. Daher haben wir uns ganz nach dem Motto, reduce to the max, entschieden die R\u00e4umlichkeiten im 2. Stock aufzugeben und die angebotenen Betreuungspl\u00e4tze ab August 25 von 18 auf 14 zu senken. In den letzten Wochen hat das &hellip; \u201eSchliessung Gruppenr\u00e4ume im 2. Stock\u201c weiterlesen\" \/>\n<meta property=\"og:url\" content=\"https:\/\/www.kita-storchennest.ch\/site\/schliessung-gruppenraeume-im-2-stock\/\" \/>\n<meta property=\"og:site_name\" content=\"Kita Storchennest Grossaffoltern\" \/>\n<meta property=\"article:published_time\" content=\"2025-07-29T05:45:02+00:00\" \/>\n<meta property=\"article:modified_time\" content=\"2025-07-29T05:45:03+00:00\" \/>\n<meta property=\"og:image\" content=\"https:\/\/www.kita-storchennest.ch\/site\/wp-content\/uploads\/2025\/07\/IMG_4525-scaled.jpeg\" \/>\n\t<meta property=\"og:image:width\" content=\"2560\" \/>\n\t<meta property=\"og:image:height\" content=\"1920\" \/>\n\t<meta property=\"og:image:type\" content=\"image\/jpeg\" \/>\n<meta name=\"author\" content=\"Mich\u00e8le Reisinger\" \/>\n<meta name=\"twitter:card\" content=\"summary_large_image\" \/>\n<meta name=\"twitter:label1\" content=\"Verfasst von\" \/>\n\t<meta name=\"twitter:data1\" content=\"Mich\u00e8le Reisinger\" \/>\n\t<meta name=\"twitter:label2\" content=\"Gesch\u00e4tzte Lesezeit\" \/>\n\t<meta name=\"twitter:data2\" content=\"1\u00a0Minute\" \/>\n<script type=\"application\/ld+json\" class=\"yoast-schema-graph\">{\"@context\":\"https:\\\/\\\/schema.org\",\"@graph\":[{\"@type\":\"Article\",\"@id\":\"https:\\\/\\\/www.kita-storchennest.ch\\\/site\\\/schliessung-gruppenraeume-im-2-stock\\\/#article\",\"isPartOf\":{\"@id\":\"https:\\\/\\\/www.kita-storchennest.ch\\\/site\\\/schliessung-gruppenraeume-im-2-stock\\\/\"},\"author\":{\"name\":\"Mich\u00e8le Reisinger\",\"@id\":\"https:\\\/\\\/www.kita-storchennest.ch\\\/site\\\/#\\\/schema\\\/person\\\/f1b4647ee4e9470b6959845026c16a98\"},\"headline\":\"Schliessung Gruppenr\u00e4ume im 2. Stock\",\"datePublished\":\"2025-07-29T05:45:02+00:00\",\"dateModified\":\"2025-07-29T05:45:03+00:00\",\"mainEntityOfPage\":{\"@id\":\"https:\\\/\\\/www.kita-storchennest.ch\\\/site\\\/schliessung-gruppenraeume-im-2-stock\\\/\"},\"wordCount\":73,\"publisher\":{\"@id\":\"https:\\\/\\\/www.kita-storchennest.ch\\\/site\\\/#organization\"},\"image\":{\"@id\":\"https:\\\/\\\/www.kita-storchennest.ch\\\/site\\\/schliessung-gruppenraeume-im-2-stock\\\/#primaryimage\"},\"thumbnailUrl\":\"https:\\\/\\\/www.kita-storchennest.ch\\\/site\\\/wp-content\\\/uploads\\\/2025\\\/07\\\/IMG_4525-scaled.jpeg\",\"inLanguage\":\"de\"},{\"@type\":\"WebPage\",\"@id\":\"https:\\\/\\\/www.kita-storchennest.ch\\\/site\\\/schliessung-gruppenraeume-im-2-stock\\\/\",\"url\":\"https:\\\/\\\/www.kita-storchennest.ch\\\/site\\\/schliessung-gruppenraeume-im-2-stock\\\/\",\"name\":\"Schliessung Gruppenr\u00e4ume im 2. Stock &#187; Kita Storchennest Grossaffoltern\",\"isPartOf\":{\"@id\":\"https:\\\/\\\/www.kita-storchennest.ch\\\/site\\\/#website\"},\"primaryImageOfPage\":{\"@id\":\"https:\\\/\\\/www.kita-storchennest.ch\\\/site\\\/schliessung-gruppenraeume-im-2-stock\\\/#primaryimage\"},\"image\":{\"@id\":\"https:\\\/\\\/www.kita-storchennest.ch\\\/site\\\/schliessung-gruppenraeume-im-2-stock\\\/#primaryimage\"},\"thumbnailUrl\":\"https:\\\/\\\/www.kita-storchennest.ch\\\/site\\\/wp-content\\\/uploads\\\/2025\\\/07\\\/IMG_4525-scaled.jpeg\",\"datePublished\":\"2025-07-29T05:45:02+00:00\",\"dateModified\":\"2025-07-29T05:45:03+00:00\",\"breadcrumb\":{\"@id\":\"https:\\\/\\\/www.kita-storchennest.ch\\\/site\\\/schliessung-gruppenraeume-im-2-stock\\\/#breadcrumb\"},\"inLanguage\":\"de\",\"potentialAction\":[{\"@type\":\"ReadAction\",\"target\":[\"https:\\\/\\\/www.kita-storchennest.ch\\\/site\\\/schliessung-gruppenraeume-im-2-stock\\\/\"]}]},{\"@type\":\"ImageObject\",\"inLanguage\":\"de\",\"@id\":\"https:\\\/\\\/www.kita-storchennest.ch\\\/site\\\/schliessung-gruppenraeume-im-2-stock\\\/#primaryimage\",\"url\":\"https:\\\/\\\/www.kita-storchennest.ch\\\/site\\\/wp-content\\\/uploads\\\/2025\\\/07\\\/IMG_4525-scaled.jpeg\",\"contentUrl\":\"https:\\\/\\\/www.kita-storchennest.ch\\\/site\\\/wp-content\\\/uploads\\\/2025\\\/07\\\/IMG_4525-scaled.jpeg\",\"width\":2560,\"height\":1920},{\"@type\":\"BreadcrumbList\",\"@id\":\"https:\\\/\\\/www.kita-storchennest.ch\\\/site\\\/schliessung-gruppenraeume-im-2-stock\\\/#breadcrumb\",\"itemListElement\":[{\"@type\":\"ListItem\",\"position\":1,\"name\":\"Startseite\",\"item\":\"https:\\\/\\\/www.kita-storchennest.ch\\\/site\\\/\"},{\"@type\":\"ListItem\",\"position\":2,\"name\":\"Schliessung Gruppenr\u00e4ume im 2. Stock\"}]},{\"@type\":\"WebSite\",\"@id\":\"https:\\\/\\\/www.kita-storchennest.ch\\\/site\\\/#website\",\"url\":\"https:\\\/\\\/www.kita-storchennest.ch\\\/site\\\/\",\"name\":\"Kita Storchennest Grossaffoltern\",\"description\":\"Wengistrasse 7, 3257 Grossaffoltern\",\"publisher\":{\"@id\":\"https:\\\/\\\/www.kita-storchennest.ch\\\/site\\\/#organization\"},\"potentialAction\":[{\"@type\":\"SearchAction\",\"target\":{\"@type\":\"EntryPoint\",\"urlTemplate\":\"https:\\\/\\\/www.kita-storchennest.ch\\\/site\\\/?s={search_term_string}\"},\"query-input\":{\"@type\":\"PropertyValueSpecification\",\"valueRequired\":true,\"valueName\":\"search_term_string\"}}],\"inLanguage\":\"de\"},{\"@type\":\"Organization\",\"@id\":\"https:\\\/\\\/www.kita-storchennest.ch\\\/site\\\/#organization\",\"name\":\"Kita Storchennest, Grossalffoltern\",\"url\":\"https:\\\/\\\/www.kita-storchennest.ch\\\/site\\\/\",\"logo\":{\"@type\":\"ImageObject\",\"inLanguage\":\"de\",\"@id\":\"https:\\\/\\\/www.kita-storchennest.ch\\\/site\\\/#\\\/schema\\\/logo\\\/image\\\/\",\"url\":\"https:\\\/\\\/www.kita-storchennest.ch\\\/site\\\/wp-content\\\/uploads\\\/2022\\\/12\\\/cropped-Storchennest-1.jpg\",\"contentUrl\":\"https:\\\/\\\/www.kita-storchennest.ch\\\/site\\\/wp-content\\\/uploads\\\/2022\\\/12\\\/cropped-Storchennest-1.jpg\",\"width\":512,\"height\":512,\"caption\":\"Kita Storchennest, Grossalffoltern\"},\"image\":{\"@id\":\"https:\\\/\\\/www.kita-storchennest.ch\\\/site\\\/#\\\/schema\\\/logo\\\/image\\\/\"}},{\"@type\":\"Person\",\"@id\":\"https:\\\/\\\/www.kita-storchennest.ch\\\/site\\\/#\\\/schema\\\/person\\\/f1b4647ee4e9470b6959845026c16a98\",\"name\":\"Mich\u00e8le Reisinger\",\"image\":{\"@type\":\"ImageObject\",\"inLanguage\":\"de\",\"@id\":\"https:\\\/\\\/secure.gravatar.com\\\/avatar\\\/bd779e85779214583b0c7b2b33f9c570dbb5cd8bba8c8bf7c198c500d38fabcb?s=96&d=mm&r=g\",\"url\":\"https:\\\/\\\/secure.gravatar.com\\\/avatar\\\/bd779e85779214583b0c7b2b33f9c570dbb5cd8bba8c8bf7c198c500d38fabcb?s=96&d=mm&r=g\",\"contentUrl\":\"https:\\\/\\\/secure.gravatar.com\\\/avatar\\\/bd779e85779214583b0c7b2b33f9c570dbb5cd8bba8c8bf7c198c500d38fabcb?s=96&d=mm&r=g\",\"caption\":\"Mich\u00e8le Reisinger\"}}]}<\/script>\n<!-- \/ Yoast SEO plugin. -->","yoast_head_json":{"title":"Schliessung Gruppenr\u00e4ume im 2. Stock &#187; Kita Storchennest Grossaffoltern","robots":{"index":"index","follow":"follow","max-snippet":"max-snippet:-1","max-image-preview":"max-image-preview:large","max-video-preview":"max-video-preview:-1"},"canonical":"https:\/\/www.kita-storchennest.ch\/site\/schliessung-gruppenraeume-im-2-stock\/","og_locale":"de_DE","og_type":"article","og_title":"Schliessung Gruppenr\u00e4ume im 2. Stock &#187; Kita Storchennest Grossaffoltern","og_description":"Diesen Monat durften wir 14 Jungst\u00f6rche Richtung Kindergarten verabschieden. Diese enorme Zahl hinterl\u00e4sst Spuren in unserer Auslastung. Daher haben wir uns ganz nach dem Motto, reduce to the max, entschieden die R\u00e4umlichkeiten im 2. Stock aufzugeben und die angebotenen Betreuungspl\u00e4tze ab August 25 von 18 auf 14 zu senken. In den letzten Wochen hat das &hellip; \u201eSchliessung Gruppenr\u00e4ume im 2. Stock\u201c weiterlesen","og_url":"https:\/\/www.kita-storchennest.ch\/site\/schliessung-gruppenraeume-im-2-stock\/","og_site_name":"Kita Storchennest Grossaffoltern","article_published_time":"2025-07-29T05:45:02+00:00","article_modified_time":"2025-07-29T05:45:03+00:00","og_image":[{"width":2560,"height":1920,"url":"https:\/\/www.kita-storchennest.ch\/site\/wp-content\/uploads\/2025\/07\/IMG_4525-scaled.jpeg","type":"image\/jpeg"}],"author":"Mich\u00e8le Reisinger","twitter_card":"summary_large_image","twitter_misc":{"Verfasst von":"Mich\u00e8le Reisinger","Gesch\u00e4tzte Lesezeit":"1\u00a0Minute"},"schema":{"@context":"https:\/\/schema.org","@graph":[{"@type":"Article","@id":"https:\/\/www.kita-storchennest.ch\/site\/schliessung-gruppenraeume-im-2-stock\/#article","isPartOf":{"@id":"https:\/\/www.kita-storchennest.ch\/site\/schliessung-gruppenraeume-im-2-stock\/"},"author":{"name":"Mich\u00e8le Reisinger","@id":"https:\/\/www.kita-storchennest.ch\/site\/#\/schema\/person\/f1b4647ee4e9470b6959845026c16a98"},"headline":"Schliessung Gruppenr\u00e4ume im 2. Stock","datePublished":"2025-07-29T05:45:02+00:00","dateModified":"2025-07-29T05:45:03+00:00","mainEntityOfPage":{"@id":"https:\/\/www.kita-storchennest.ch\/site\/schliessung-gruppenraeume-im-2-stock\/"},"wordCount":73,"publisher":{"@id":"https:\/\/www.kita-storchennest.ch\/site\/#organization"},"image":{"@id":"https:\/\/www.kita-storchennest.ch\/site\/schliessung-gruppenraeume-im-2-stock\/#primaryimage"},"thumbnailUrl":"https:\/\/www.kita-storchennest.ch\/site\/wp-content\/uploads\/2025\/07\/IMG_4525-scaled.jpeg","inLanguage":"de"},{"@type":"WebPage","@id":"https:\/\/www.kita-storchennest.ch\/site\/schliessung-gruppenraeume-im-2-stock\/","url":"https:\/\/www.kita-storchennest.ch\/site\/schliessung-gruppenraeume-im-2-stock\/","name":"Schliessung Gruppenr\u00e4ume im 2. Stock &#187; Kita Storchennest Grossaffoltern","isPartOf":{"@id":"https:\/\/www.kita-storchennest.ch\/site\/#website"},"primaryImageOfPage":{"@id":"https:\/\/www.kita-storchennest.ch\/site\/schliessung-gruppenraeume-im-2-stock\/#primaryimage"},"image":{"@id":"https:\/\/www.kita-storchennest.ch\/site\/schliessung-gruppenraeume-im-2-stock\/#primaryimage"},"thumbnailUrl":"https:\/\/www.kita-storchennest.ch\/site\/wp-content\/uploads\/2025\/07\/IMG_4525-scaled.jpeg","datePublished":"2025-07-29T05:45:02+00:00","dateModified":"2025-07-29T05:45:03+00:00","breadcrumb":{"@id":"https:\/\/www.kita-storchennest.ch\/site\/schliessung-gruppenraeume-im-2-stock\/#breadcrumb"},"inLanguage":"de","potentialAction":[{"@type":"ReadAction","target":["https:\/\/www.kita-storchennest.ch\/site\/schliessung-gruppenraeume-im-2-stock\/"]}]},{"@type":"ImageObject","inLanguage":"de","@id":"https:\/\/www.kita-storchennest.ch\/site\/schliessung-gruppenraeume-im-2-stock\/#primaryimage","url":"https:\/\/www.kita-storchennest.ch\/site\/wp-content\/uploads\/2025\/07\/IMG_4525-scaled.jpeg","contentUrl":"https:\/\/www.kita-storchennest.ch\/site\/wp-content\/uploads\/2025\/07\/IMG_4525-scaled.jpeg","width":2560,"height":1920},{"@type":"BreadcrumbList","@id":"https:\/\/www.kita-storchennest.ch\/site\/schliessung-gruppenraeume-im-2-stock\/#breadcrumb","itemListElement":[{"@type":"ListItem","position":1,"name":"Startseite","item":"https:\/\/www.kita-storchennest.ch\/site\/"},{"@type":"ListItem","position":2,"name":"Schliessung Gruppenr\u00e4ume im 2. Stock"}]},{"@type":"WebSite","@id":"https:\/\/www.kita-storchennest.ch\/site\/#website","url":"https:\/\/www.kita-storchennest.ch\/site\/","name":"Kita Storchennest Grossaffoltern","description":"Wengistrasse 7, 3257 Grossaffoltern","publisher":{"@id":"https:\/\/www.kita-storchennest.ch\/site\/#organization"},"potentialAction":[{"@type":"SearchAction","target":{"@type":"EntryPoint","urlTemplate":"https:\/\/www.kita-storchennest.ch\/site\/?s={search_term_string}"},"query-input":{"@type":"PropertyValueSpecification","valueRequired":true,"valueName":"search_term_string"}}],"inLanguage":"de"},{"@type":"Organization","@id":"https:\/\/www.kita-storchennest.ch\/site\/#organization","name":"Kita Storchennest, Grossalffoltern","url":"https:\/\/www.kita-storchennest.ch\/site\/","logo":{"@type":"ImageObject","inLanguage":"de","@id":"https:\/\/www.kita-storchennest.ch\/site\/#\/schema\/logo\/image\/","url":"https:\/\/www.kita-storchennest.ch\/site\/wp-content\/uploads\/2022\/12\/cropped-Storchennest-1.jpg","contentUrl":"https:\/\/www.kita-storchennest.ch\/site\/wp-content\/uploads\/2022\/12\/cropped-Storchennest-1.jpg","width":512,"height":512,"caption":"Kita Storchennest, Grossalffoltern"},"image":{"@id":"https:\/\/www.kita-storchennest.ch\/site\/#\/schema\/logo\/image\/"}},{"@type":"Person","@id":"https:\/\/www.kita-storchennest.ch\/site\/#\/schema\/person\/f1b4647ee4e9470b6959845026c16a98","name":"Mich\u00e8le Reisinger","image":{"@type":"ImageObject","inLanguage":"de","@id":"https:\/\/secure.gravatar.com\/avatar\/bd779e85779214583b0c7b2b33f9c570dbb5cd8bba8c8bf7c198c500d38fabcb?s=96&d=mm&r=g","url":"https:\/\/secure.gravatar.com\/avatar\/bd779e85779214583b0c7b2b33f9c570dbb5cd8bba8c8bf7c198c500d38fabcb?s=96&d=mm&r=g","contentUrl":"https:\/\/secure.gravatar.com\/avatar\/bd779e85779214583b0c7b2b33f9c570dbb5cd8bba8c8bf7c198c500d38fabcb?s=96&d=mm&r=g","caption":"Mich\u00e8le Reisinger"}}]}},"_links":{"self":[{"href":"https:\/\/www.kita-storchennest.ch\/site\/wp-json\/wp\/v2\/posts\/2886","targetHints":{"allow":["GET"]}}],"collection":[{"href":"https:\/\/www.kita-storchennest.ch\/site\/wp-json\/wp\/v2\/posts"}],"about":[{"href":"https:\/\/www.kita-storchennest.ch\/site\/wp-json\/wp\/v2\/types\/post"}],"author":[{"embeddable":true,"href":"https:\/\/www.kita-storchennest.ch\/site\/wp-json\/wp\/v2\/users\/2"}],"replies":[{"embeddable":true,"href":"https:\/\/www.kita-storchennest.ch\/site\/wp-json\/wp\/v2\/comments?post=2886"}],"version-history":[{"count":1,"href":"https:\/\/www.kita-storchennest.ch\/site\/wp-json\/wp\/v2\/posts\/2886\/revisions"}],"predecessor-version":[{"id":2888,"href":"https:\/\/www.kita-storchennest.ch\/site\/wp-json\/wp\/v2\/posts\/2886\/revisions\/2888"}],"wp:featuredmedia":[{"embeddable":true,"href":"https:\/\/www.kita-storchennest.ch\/site\/wp-json\/wp\/v2\/media\/2887"}],"wp:attachment":[{"href":"https:\/\/www.kita-storchennest.ch\/site\/wp-json\/wp\/v2\/media?parent=2886"}],"wp:term":[{"taxonomy":"category","embeddable":true,"href":"https:\/\/www.kita-storchennest.ch\/site\/wp-json\/wp\/v2\/categories?post=2886"},{"taxonomy":"post_tag","embeddable":true,"href":"https:\/\/www.kita-storchennest.ch\/site\/wp-json\/wp\/v2\/tags?post=2886"}],"curies":[{"name":"wp","href":"https:\/\/api.w.org\/{rel}","templated":true}]}}